{"id":745790,"date":"2024-03-04T13:46:00","date_gmt":"2024-03-04T13:46:00","guid":{"rendered":"https:\/\/dimensionturistica.com\/es\/?p=745790"},"modified":"2024-03-04T13:46:00","modified_gmt":"2024-03-04T13:46:00","slug":"tenerife-acogera-la-cumbre-mundial-del-turismo","status":"publish","type":"post","link":"https:\/\/dimensionturistica.com\/es\/tenerife-acogera-la-cumbre-mundial-del-turismo\/","title":{"rendered":"Tenerife acoger\u00e1 la Cumbre Mundial del Turismo"},"content":{"rendered":"<p>Tenerife se est\u00e1 consolidando como un destino clave en el \u00e1mbito tur\u00edstico a nivel internacional. La isla se convertir\u00e1 en la sede del Global Summit Tourism, un evento que reunir\u00e1 a profesionales del sector de todo el mundo para discutir las \u00faltimas tendencias y retos que enfrenta la industria del turismo.<\/p>\n<p>Durante el Global Summit Tourism, los participantes tendr\u00e1n la oportunidad de asistir a conferencias magistrales, paneles de discusi\u00f3n y talleres pr\u00e1cticos impartidos por expertos reconocidos a nivel global. Adem\u00e1s, habr\u00e1 espacios de networking donde los asistentes podr\u00e1n establecer contactos con colegas de diferentes pa\u00edses y generar oportunidades de colaboraci\u00f3n.<\/p>\n<p>Uno de los temas principales que se abordar\u00e1n en el evento es la sostenibilidad en el turismo. Tenerife ha apostado fuertemente por el turismo sostenible, con iniciativas como la promoci\u00f3n de energ\u00edas renovables, la protecci\u00f3n de la biodiversidad y la promoci\u00f3n de un turismo responsable y respetuoso con el entorno.<\/p>\n<p>Adem\u00e1s, el Global Summit Tourism tambi\u00e9n pondr\u00e1 en relieve la importancia de la tecnolog\u00eda en la industria tur\u00edstica. En un mundo cada vez m\u00e1s digitalizado, es fundamental que las empresas tur\u00edsticas se adapten a los nuevos avances tecnol\u00f3gicos para ofrecer experiencias m\u00e1s personalizadas y satisfactorias a los viajeros.<\/p>\n<p>Sin duda, el Global Summit Tourism en Tenerife promete ser un evento enriquecedor y estimulante para todos los profesionales del turismo que participen. No te pierdas la oportunidad de ser parte de esta experiencia \u00fanica y descubrir todo lo que la isla de Tenerife tiene para ofrecer como destino tur\u00edstico de primer nivel. \u00a1Te esperamos!<\/p>\n<p><em> &#8221; Sources www.expreso.info &#8221; <\/em><\/p>\n<p><em> &#8221; Sources www.expreso.info &#8221; <\/em><\/p>\n","protected":false},"excerpt":{"rendered":"<p>Tenerife se est\u00e1 consolidando como un destino clave en el \u00e1mbito tur\u00edstico a nivel internacional. La isla se convertir\u00e1 en la sede del Global Summit Tourism, un evento que reunir\u00e1 a profesionales del sector de todo el mundo para discutir las \u00faltimas tendencias y retos que enfrenta la industria del turismo. Durante el Global Summit [&hellip;]<\/p>\n","protected":false},"author":4,"featured_media":745792,"comment_status":"open","ping_status":"closed","sticky":false,"template":"","format":"standard","meta":{"om_disable_all_campaigns":false,"jnews-multi-image_gallery":[],"jnews_single_post":[],"jnews_primary_category":[],"jnews_social_meta":[],"footnotes":""},"categories":[40],"tags":[148362,2067,685],"class_list":["post-745790","post","type-post","status-publish","format-standard","has-post-thumbnail","hentry","category-industria","tag-global-summit-tourism","tag-tenerife","tag-travel"],"_links":{"self":[{"href":"https:\/\/dimensionturistica.com\/es\/wp-json\/wp\/v2\/posts\/745790","targetHints":{"allow":["GET"]}}],"collection":[{"href":"https:\/\/dimensionturistica.com\/es\/wp-json\/wp\/v2\/posts"}],"about":[{"href":"https:\/\/dimensionturistica.com\/es\/wp-json\/wp\/v2\/types\/post"}],"author":[{"embeddable":true,"href":"https:\/\/dimensionturistica.com\/es\/wp-json\/wp\/v2\/users\/4"}],"replies":[{"embeddable":true,"href":"https:\/\/dimensionturistica.com\/es\/wp-json\/wp\/v2\/comments?post=745790"}],"version-history":[{"count":0,"href":"https:\/\/dimensionturistica.com\/es\/wp-json\/wp\/v2\/posts\/745790\/revisions"}],"wp:featuredmedia":[{"embeddable":true,"href":"https:\/\/dimensionturistica.com\/es\/wp-json\/wp\/v2\/media\/745792"}],"wp:attachment":[{"href":"https:\/\/dimensionturistica.com\/es\/wp-json\/wp\/v2\/media?parent=745790"}],"wp:term":[{"taxonomy":"category","embeddable":true,"href":"https:\/\/dimensionturistica.com\/es\/wp-json\/wp\/v2\/categories?post=745790"},{"taxonomy":"post_tag","embeddable":true,"href":"https:\/\/dimensionturistica.com\/es\/wp-json\/wp\/v2\/tags?post=745790"}],"curies":[{"name":"wp","href":"https:\/\/api.w.org\/{rel}","templated":true}]}}