{"id":740683,"date":"2024-02-27T07:08:57","date_gmt":"2024-02-27T07:08:57","guid":{"rendered":"https:\/\/dimensionturistica.com\/es\/?p=740683"},"modified":"2024-02-27T07:08:57","modified_gmt":"2024-02-27T07:08:57","slug":"comienza-la-nueva-temporada-de-vacaciones-para-mayores-en-madrid-con-una-amplia-variedad-de-destinos","status":"publish","type":"post","link":"https:\/\/dimensionturistica.com\/es\/comienza-la-nueva-temporada-de-vacaciones-para-mayores-en-madrid-con-una-amplia-variedad-de-destinos\/","title":{"rendered":"Comienza la nueva temporada de vacaciones para mayores en Madrid con una amplia variedad de destinos"},"content":{"rendered":"<p>El Instituto de Mayores y Servicios Sociales (IMSERSO) ha dado inicio a su programa de viajes para mayores en la Comunidad de Madrid, ofreciendo una amplia gama de destinos para aquellos que deseen disfrutar de unas vacaciones inolvidables.<\/p>\n<p>Este a\u00f1o, el IMSERSO ha ampliado su oferta de destinos, brindando a los viajeros la oportunidad de explorar nuevos lugares y vivir experiencias \u00fanicas. Desde playas paradis\u00edacas hasta impresionantes ciudades hist\u00f3ricas, hay opciones para todos los gustos.<\/p>\n<p>Entre los destinos m\u00e1s destacados se encuentran las Islas Canarias, la Costa del Sol, Barcelona y Valencia, entre otros. Estos lugares ofrecen no solo paisajes impresionantes, sino tambi\u00e9n una rica cultura, gastronom\u00eda exquisita y actividades emocionantes para disfrutar durante las vacaciones.<\/p>\n<p>Adem\u00e1s, el IMSERSO garantiza la calidad y seguridad de sus viajes, proporcionando alojamientos confortables, transporte seguro y atenci\u00f3n personalizada para garantizar una experiencia libre de preocupaciones para todos los viajeros.<\/p>\n<p>As\u00ed que, si est\u00e1s pensando en tomarte un merecido descanso y explorar nuevos horizontes, el programa de viajes del IMSERSO en Madrid es la opci\u00f3n perfecta para ti. \u00a1No pierdas la oportunidad de vivir aventuras inolvidables y crear recuerdos que perdurar\u00e1n para siempre! <\/p>\n<p>\u00a1Prep\u00e1rate para embarcarte en una emocionante aventura y descubrir todo lo que el mundo tiene para ofrecer!<\/p>\n<p><em> &#8221; Sources www.preferente.com &#8221; <\/em><\/p>\n<p><em> &#8221; Sources www.preferente.com &#8221; <\/em><\/p>\n","protected":false},"excerpt":{"rendered":"<p>El Instituto de Mayores y Servicios Sociales (IMSERSO) ha dado inicio a su programa de viajes para mayores en la Comunidad de Madrid, ofreciendo una amplia gama de destinos para aquellos que deseen disfrutar de unas vacaciones inolvidables. Este a\u00f1o, el IMSERSO ha ampliado su oferta de destinos, brindando a los viajeros la oportunidad de [&hellip;]<\/p>\n","protected":false},"author":4,"featured_media":740684,"comment_status":"open","ping_status":"closed","sticky":false,"template":"","format":"standard","meta":{"om_disable_all_campaigns":false,"jnews-multi-image_gallery":[],"jnews_single_post":[],"jnews_primary_category":[],"jnews_social_meta":[],"footnotes":""},"categories":[40],"tags":[146684,569,1228,700,705,69826],"class_list":["post-740683","post","type-post","status-publish","format-standard","has-post-thumbnail","hentry","category-industria","tag-arranca-el-imserso","tag-agencias-de-viajes","tag-destinos","tag-madrid","tag-noticias","tag-rss1"],"_links":{"self":[{"href":"https:\/\/dimensionturistica.com\/es\/wp-json\/wp\/v2\/posts\/740683","targetHints":{"allow":["GET"]}}],"collection":[{"href":"https:\/\/dimensionturistica.com\/es\/wp-json\/wp\/v2\/posts"}],"about":[{"href":"https:\/\/dimensionturistica.com\/es\/wp-json\/wp\/v2\/types\/post"}],"author":[{"embeddable":true,"href":"https:\/\/dimensionturistica.com\/es\/wp-json\/wp\/v2\/users\/4"}],"replies":[{"embeddable":true,"href":"https:\/\/dimensionturistica.com\/es\/wp-json\/wp\/v2\/comments?post=740683"}],"version-history":[{"count":0,"href":"https:\/\/dimensionturistica.com\/es\/wp-json\/wp\/v2\/posts\/740683\/revisions"}],"wp:featuredmedia":[{"embeddable":true,"href":"https:\/\/dimensionturistica.com\/es\/wp-json\/wp\/v2\/media\/740684"}],"wp:attachment":[{"href":"https:\/\/dimensionturistica.com\/es\/wp-json\/wp\/v2\/media?parent=740683"}],"wp:term":[{"taxonomy":"category","embeddable":true,"href":"https:\/\/dimensionturistica.com\/es\/wp-json\/wp\/v2\/categories?post=740683"},{"taxonomy":"post_tag","embeddable":true,"href":"https:\/\/dimensionturistica.com\/es\/wp-json\/wp\/v2\/tags?post=740683"}],"curies":[{"name":"wp","href":"https:\/\/api.w.org\/{rel}","templated":true}]}}