{"id":736816,"date":"2024-02-21T16:36:19","date_gmt":"2024-02-21T16:36:19","guid":{"rendered":"https:\/\/dimensionturistica.com\/es\/?p=736816"},"modified":"2024-02-21T16:36:19","modified_gmt":"2024-02-21T16:36:19","slug":"el-festival-paco-de-lucia-atrae-a-unos-40-lideres-del-turismo-de-estados-unidos-a-nueva-york","status":"publish","type":"post","link":"https:\/\/dimensionturistica.com\/es\/el-festival-paco-de-lucia-atrae-a-unos-40-lideres-del-turismo-de-estados-unidos-a-nueva-york\/","title":{"rendered":"El Festival Paco de Luc\u00eda atrae a unos 40 l\u00edderes del turismo de Estados Unidos a Nueva York"},"content":{"rendered":"<p>El flamenco, la gastronom\u00eda y los paisajes de ensue\u00f1o de Andaluc\u00eda est\u00e1n causando sensaci\u00f3n en Nueva York, donde 40 directivos tur\u00edsticos de Estados Unidos se reunieron para celebrar el Festival Paco de Luc\u00eda.<\/p>\n<p>El evento, que tuvo lugar en la Gran Manzana, congreg\u00f3 a profesionales del sector tur\u00edstico, con el objetivo de promocionar los encantos de esta regi\u00f3n espa\u00f1ola entre los viajeros estadounidenses. El festival rindi\u00f3 homenaje al legendario guitarrista Paco de Luc\u00eda, y brind\u00f3 una oportunidad perfecta para resaltar las m\u00faltiples razones por las que Andaluc\u00eda merece ser visitada.<\/p>\n<p>La delegaci\u00f3n andaluza deslumbr\u00f3 a los asistentes con una muestra de la rica cultura flamenca, encabezada por el talentoso bailaor Antonio Canales. Los sabores del sur de Espa\u00f1a tambi\u00e9n estuvieron presentes, con una degustaci\u00f3n de platos t\u00edpicos andaluces que conquistaron los paladares neoyorquinos.<\/p>\n<p>Adem\u00e1s, los directivos tur\u00edsticos tuvieron la oportunidad de descubrir las maravillas naturales que ofrece Andaluc\u00eda, desde las playas de la Costa del Sol hasta las impresionantes vistas de la Alhambra en Granada.<\/p>\n<p>La participaci\u00f3n andaluza en este festival es una muestra del compromiso de la regi\u00f3n por atraer a viajeros de todo el mundo, y particularmente de Estados Unidos, un mercado tur\u00edstico de gran importancia. Este evento no solo ha sido una oportunidad para mostrar la belleza y la diversidad de Andaluc\u00eda, sino tambi\u00e9n para estrechar lazos con el sector tur\u00edstico estadounidense.<\/p>\n<p>El Festival Paco de Luc\u00eda en Nueva York ha sido todo un \u00e9xito, demostrando una vez m\u00e1s el enorme potencial tur\u00edstico de Andaluc\u00eda. Sin duda, este evento ha servido como escaparate para promover los atractivos de esta regi\u00f3n, y estamos seguros de que muchos viajeros se sentir\u00e1n inspirados para visitarla despu\u00e9s de descubrir su riqueza cultural, gastron\u00f3mica y natural.<\/p>\n<p><em> &#8221; Sources www.europapress.es &#8221; <\/em><\/p>\n<p><em> &#8221; Sources www.europapress.es &#8221; <\/em><\/p>\n","protected":false},"excerpt":{"rendered":"<p>El flamenco, la gastronom\u00eda y los paisajes de ensue\u00f1o de Andaluc\u00eda est\u00e1n causando sensaci\u00f3n en Nueva York, donde 40 directivos tur\u00edsticos de Estados Unidos se reunieron para celebrar el Festival Paco de Luc\u00eda. El evento, que tuvo lugar en la Gran Manzana, congreg\u00f3 a profesionales del sector tur\u00edstico, con el objetivo de promocionar los encantos [&hellip;]<\/p>\n","protected":false},"author":4,"featured_media":736817,"comment_status":"open","ping_status":"closed","sticky":false,"template":"","format":"standard","meta":{"om_disable_all_campaigns":false,"jnews-multi-image_gallery":[],"jnews_single_post":[],"jnews_primary_category":[],"jnews_social_meta":[],"footnotes":""},"categories":[40],"tags":[1182,145154,1363,145155,2506],"class_list":["post-736816","post","type-post","status-publish","format-standard","has-post-thumbnail","hentry","category-industria","tag-andalucia","tag-directivos-turisticos","tag-estados-unidos","tag-festival-paco-de-lucia","tag-nueva-york"],"_links":{"self":[{"href":"https:\/\/dimensionturistica.com\/es\/wp-json\/wp\/v2\/posts\/736816","targetHints":{"allow":["GET"]}}],"collection":[{"href":"https:\/\/dimensionturistica.com\/es\/wp-json\/wp\/v2\/posts"}],"about":[{"href":"https:\/\/dimensionturistica.com\/es\/wp-json\/wp\/v2\/types\/post"}],"author":[{"embeddable":true,"href":"https:\/\/dimensionturistica.com\/es\/wp-json\/wp\/v2\/users\/4"}],"replies":[{"embeddable":true,"href":"https:\/\/dimensionturistica.com\/es\/wp-json\/wp\/v2\/comments?post=736816"}],"version-history":[{"count":0,"href":"https:\/\/dimensionturistica.com\/es\/wp-json\/wp\/v2\/posts\/736816\/revisions"}],"wp:featuredmedia":[{"embeddable":true,"href":"https:\/\/dimensionturistica.com\/es\/wp-json\/wp\/v2\/media\/736817"}],"wp:attachment":[{"href":"https:\/\/dimensionturistica.com\/es\/wp-json\/wp\/v2\/media?parent=736816"}],"wp:term":[{"taxonomy":"category","embeddable":true,"href":"https:\/\/dimensionturistica.com\/es\/wp-json\/wp\/v2\/categories?post=736816"},{"taxonomy":"post_tag","embeddable":true,"href":"https:\/\/dimensionturistica.com\/es\/wp-json\/wp\/v2\/tags?post=736816"}],"curies":[{"name":"wp","href":"https:\/\/api.w.org\/{rel}","templated":true}]}}