{"id":733918,"date":"2024-02-18T15:33:53","date_gmt":"2024-02-18T15:33:53","guid":{"rendered":"https:\/\/dimensionturistica.com\/es\/?p=733918"},"modified":"2024-02-18T15:33:53","modified_gmt":"2024-02-18T15:33:53","slug":"ofrecia-vacaciones-en-cuba-conjuntos-de-etiqueta-de-emidio-tucci","status":"publish","type":"post","link":"https:\/\/dimensionturistica.com\/es\/ofrecia-vacaciones-en-cuba-conjuntos-de-etiqueta-de-emidio-tucci\/","title":{"rendered":"Ofrec\u00eda vacaciones en Cuba, conjuntos de etiqueta de Emidio Tucci&#8230;"},"content":{"rendered":"<p>Descubre la pasi\u00f3n del f\u00fatbol en la vibrante ciudad de Barcelona<\/p>\n<p>El f\u00fatbol es sin duda una de las grandes pasiones de los espa\u00f1oles, y en la vibrante ciudad de Barcelona esta pasi\u00f3n alcanza niveles casi religiosos. Bartolom\u00e9 Beltr\u00e1n, un reconocido periodista deportivo, nos cuenta an\u00e9cdotas fascinantes sobre su experiencia cubriendo la Liga de Primera Divisi\u00f3n en el coraz\u00f3n de esta apasionada urbe.<\/p>\n<p>Beltr\u00e1n nos sumerge en el mundo del f\u00fatbol espa\u00f1ol, revel\u00e1ndonos los secretos y vivencias que se esconden tras la cortina de este apasionante deporte. Nos habla de la emoci\u00f3n que se respira en el Estadio Camp Nou durante los partidos del FC Barcelona, con sus hinchas entregados y sus c\u00e1nticos que retumban en las gradas.<\/p>\n<p>Pero su relato va m\u00e1s all\u00e1 de lo que sucede dentro del campo. Beltr\u00e1n nos lleva de paseo por las encantadoras calles de Barcelona, donde podemos encontrar bares y cafeter\u00edas llenos de seguidores que viven y respiran f\u00fatbol. Nos cuenta c\u00f3mo la ciudad se paraliza cuando su equipo juega, con calles desiertas y pantallas gigantes en cada esquina proyectando los emocionantes encuentros.<\/p>\n<p>Adem\u00e1s, el periodista comparte con nosotros sus an\u00e9cdotas m\u00e1s entra\u00f1ables, como aquella vez que comparti\u00f3 una cerveza con un aficionado apasionado que le relat\u00f3 sus propias experiencias y vivencias en torno al f\u00fatbol. Beltr\u00e1n nos transporta a trav\u00e9s de sus historias, permiti\u00e9ndonos vivir la pasi\u00f3n del f\u00fatbol en Barcelona desde una perspectiva \u00fanica y emocionante.<\/p>\n<p>Si eres un amante del f\u00fatbol y est\u00e1s planeando una visita a Espa\u00f1a, no puedes perderte la oportunidad de sumergirte en la pasi\u00f3n de Barcelona. La ciudad te recibir\u00e1 con los brazos abiertos y te invitar\u00e1 a formar parte de una experiencia inolvidable, donde el deporte se convierte en una forma de vida. As\u00ed que no dudes en incluir un partido del FC Barcelona en tu itinerario, y prep\u00e1rate para vivir una experiencia \u00fanica llena de emoci\u00f3n y pasi\u00f3n. \u00a1Te aseguramos que no te arrepentir\u00e1s!<\/p>\n<p><em> &#8221; Sources www.relevo.com &#8221; <\/em><\/p>\n<p><em> &#8221; Fuentes www.relevo.com &#8221; <\/em><\/p>\n","protected":false},"excerpt":{"rendered":"<p>Descubre la pasi\u00f3n del f\u00fatbol en la vibrante ciudad de Barcelona El f\u00fatbol es sin duda una de las grandes pasiones de los espa\u00f1oles, y en la vibrante ciudad de Barcelona esta pasi\u00f3n alcanza niveles casi religiosos. Bartolom\u00e9 Beltr\u00e1n, un reconocido periodista deportivo, nos cuenta an\u00e9cdotas fascinantes sobre su experiencia cubriendo la Liga de Primera [&hellip;]<\/p>\n","protected":false},"author":4,"featured_media":733919,"comment_status":"open","ping_status":"closed","sticky":false,"template":"","format":"standard","meta":{"om_disable_all_campaigns":false,"jnews-multi-image_gallery":[],"jnews_single_post":[],"jnews_primary_category":[],"jnews_social_meta":[],"footnotes":""},"categories":[39],"tags":[39729,7811,51454,956,144304,144303,61018,545],"class_list":["post-733918","post","type-post","status-publish","format-standard","has-post-thumbnail","hentry","category-viajes","tag-anecdotas","tag-bartolome","tag-beltran","tag-cuba","tag-emidio-tucci","tag-regalaba","tag-trajes","tag-viajes"],"_links":{"self":[{"href":"https:\/\/dimensionturistica.com\/es\/wp-json\/wp\/v2\/posts\/733918","targetHints":{"allow":["GET"]}}],"collection":[{"href":"https:\/\/dimensionturistica.com\/es\/wp-json\/wp\/v2\/posts"}],"about":[{"href":"https:\/\/dimensionturistica.com\/es\/wp-json\/wp\/v2\/types\/post"}],"author":[{"embeddable":true,"href":"https:\/\/dimensionturistica.com\/es\/wp-json\/wp\/v2\/users\/4"}],"replies":[{"embeddable":true,"href":"https:\/\/dimensionturistica.com\/es\/wp-json\/wp\/v2\/comments?post=733918"}],"version-history":[{"count":0,"href":"https:\/\/dimensionturistica.com\/es\/wp-json\/wp\/v2\/posts\/733918\/revisions"}],"wp:featuredmedia":[{"embeddable":true,"href":"https:\/\/dimensionturistica.com\/es\/wp-json\/wp\/v2\/media\/733919"}],"wp:attachment":[{"href":"https:\/\/dimensionturistica.com\/es\/wp-json\/wp\/v2\/media?parent=733918"}],"wp:term":[{"taxonomy":"category","embeddable":true,"href":"https:\/\/dimensionturistica.com\/es\/wp-json\/wp\/v2\/categories?post=733918"},{"taxonomy":"post_tag","embeddable":true,"href":"https:\/\/dimensionturistica.com\/es\/wp-json\/wp\/v2\/tags?post=733918"}],"curies":[{"name":"wp","href":"https:\/\/api.w.org\/{rel}","templated":true}]}}