{"id":731183,"date":"2024-02-14T11:54:54","date_gmt":"2024-02-14T11:54:54","guid":{"rendered":"https:\/\/dimensionturistica.com\/es\/?p=731183"},"modified":"2024-02-20T21:00:02","modified_gmt":"2024-02-20T21:00:02","slug":"reforzando-el-potencial-del-turismo-cultural-en-colombia-uniendo-la-diversidad-del-caribe","status":"publish","type":"post","link":"https:\/\/dimensionturistica.com\/es\/reforzando-el-potencial-del-turismo-cultural-en-colombia-uniendo-la-diversidad-del-caribe\/","title":{"rendered":"Reforzando el potencial del turismo cultural en Colombia: \u00a1Uniendo la diversidad del Caribe!"},"content":{"rendered":"<p>Colombia es un pa\u00eds rico en historia, cultura y tradiciones. Sus hermosos paisajes naturales y su diversidad cultural lo convierten en un destino tur\u00edstico fascinante para viajeros de todo el mundo. Recientemente, se ha anunciado un plan para fortalecer el turismo cultural en Colombia, lo que promete ofrecer a los visitantes una experiencia a\u00fan m\u00e1s enriquecedora.<\/p>\n<p>El turismo cultural es una forma \u00fanica de adentrarse en la identidad y el patrimonio de un pa\u00eds. En Colombia, este tipo de turismo nos ofrece la oportunidad de explorar las diferentes manifestaciones art\u00edsticas, la m\u00fasica, la gastronom\u00eda y la herencia ind\u00edgena que han moldeado la historia y la vida cotidiana de sus habitantes. <\/p>\n<p>Uno de los aspectos m\u00e1s emocionantes de este plan de fortalecimiento es el impulso a la creaci\u00f3n de rutas tur\u00edsticas que permitir\u00e1n a los visitantes explorar en profundidad la riqueza cultural de Colombia. Estas rutas tendr\u00e1n como objetivo resaltar la diversidad cultural y art\u00edstica de diferentes regiones, brindando la oportunidad de vivir de cerca las tradiciones y costumbres de comunidades ind\u00edgenas, afrocolombianas y mestizas.<\/p>\n<p>Adem\u00e1s, se espera que este impulso al turismo cultural promueva el desarrollo econ\u00f3mico de las comunidades locales, brindando oportunidades de empleo y emprendimiento en el sector tur\u00edstico. De esta manera, no solo se enriquecer\u00e1 la experiencia de los visitantes, sino que tambi\u00e9n se reforzar\u00e1 la importancia de la preservaci\u00f3n y promoci\u00f3n de la cultura colombiana.<\/p>\n<p>Sin lugar a dudas, este es un paso decisivo para consolidar a Colombia como uno de los destinos culturales m\u00e1s atractivos de Am\u00e9rica Latina. La diversidad de sus expresiones art\u00edsticas, la calidez de su gente y la riqueza de su patrimonio cultural hacen de este pa\u00eds un lugar que invita a ser explorado y admirado.<\/p>\n<p>Si eres amante de la cultura, la historia y las tradiciones, no puedes dejar de considerar a Colombia como tu pr\u00f3ximo destino tur\u00edstico. Prep\u00e1rate para sumergirte en una experiencia \u00fanica que seguramente te dejar\u00e1 maravillado y enriquecido. \u00a1Colombia te espera con los brazos abiertos para compartir contigo su incomparable riqueza cultural!<\/p>\n<p><em> &#8221; Sources caribempresarial.com &#8221; <\/em><\/p>\n<p><em> &#8221; Sources caribempresarial.com &#8221; <\/em><\/p>\n","protected":false},"excerpt":{"rendered":"<p>Colombia es un pa\u00eds rico en historia, cultura y tradiciones. Sus hermosos paisajes naturales y su diversidad cultural lo convierten en un destino tur\u00edstico fascinante para viajeros de todo el mundo. Recientemente, se ha anunciado un plan para fortalecer el turismo cultural en Colombia, lo que promete ofrecer a los visitantes una experiencia a\u00fan m\u00e1s [&hellip;]<\/p>\n","protected":false},"author":4,"featured_media":731184,"comment_status":"open","ping_status":"closed","sticky":false,"template":"","format":"standard","meta":{"om_disable_all_campaigns":false,"jnews-multi-image_gallery":[],"jnews_single_post":[],"jnews_primary_category":[],"jnews_social_meta":[],"footnotes":""},"categories":[40],"tags":[1736,771,143109,14298],"class_list":["post-731183","post","type-post","status-publish","format-standard","has-post-thumbnail","hentry","category-industria","tag-caribe","tag-colombia","tag-fortaleceran","tag-turismo-cultural"],"_links":{"self":[{"href":"https:\/\/dimensionturistica.com\/es\/wp-json\/wp\/v2\/posts\/731183","targetHints":{"allow":["GET"]}}],"collection":[{"href":"https:\/\/dimensionturistica.com\/es\/wp-json\/wp\/v2\/posts"}],"about":[{"href":"https:\/\/dimensionturistica.com\/es\/wp-json\/wp\/v2\/types\/post"}],"author":[{"embeddable":true,"href":"https:\/\/dimensionturistica.com\/es\/wp-json\/wp\/v2\/users\/4"}],"replies":[{"embeddable":true,"href":"https:\/\/dimensionturistica.com\/es\/wp-json\/wp\/v2\/comments?post=731183"}],"version-history":[{"count":0,"href":"https:\/\/dimensionturistica.com\/es\/wp-json\/wp\/v2\/posts\/731183\/revisions"}],"wp:featuredmedia":[{"embeddable":true,"href":"https:\/\/dimensionturistica.com\/es\/wp-json\/wp\/v2\/media\/731184"}],"wp:attachment":[{"href":"https:\/\/dimensionturistica.com\/es\/wp-json\/wp\/v2\/media?parent=731183"}],"wp:term":[{"taxonomy":"category","embeddable":true,"href":"https:\/\/dimensionturistica.com\/es\/wp-json\/wp\/v2\/categories?post=731183"},{"taxonomy":"post_tag","embeddable":true,"href":"https:\/\/dimensionturistica.com\/es\/wp-json\/wp\/v2\/tags?post=731183"}],"curies":[{"name":"wp","href":"https:\/\/api.w.org\/{rel}","templated":true}]}}