{"id":729686,"date":"2024-02-12T12:41:53","date_gmt":"2024-02-12T12:41:53","guid":{"rendered":"https:\/\/dimensionturistica.com\/es\/?p=729686"},"modified":"2024-02-12T12:41:53","modified_gmt":"2024-02-12T12:41:53","slug":"las-agencias-de-viaje-experimentan-un-aumento-del-6-en-las-reservas-para-semana-santa","status":"publish","type":"post","link":"https:\/\/dimensionturistica.com\/es\/las-agencias-de-viaje-experimentan-un-aumento-del-6-en-las-reservas-para-semana-santa\/","title":{"rendered":"Las agencias de viaje experimentan un aumento del 6% en las reservas para Semana Santa"},"content":{"rendered":"<p>La Semana Santa es una de las fechas m\u00e1s esperadas por los amantes del turismo y, este a\u00f1o, las agencias de viajes se est\u00e1n preparando para recibir a un gran n\u00famero de turistas. Seg\u00fan un reciente informe, se espera que las reservas para Semana Santa superen las cifras de a\u00f1os anteriores, lo que es una excelente noticia para el sector tur\u00edstico.<\/p>\n<p>Las agencias de viajes han experimentado un aumento en las reservas, lo que demuestra que los viajeros est\u00e1n ansiosos por retomar sus planes de vacaciones. Con la flexibilizaci\u00f3n de las restricciones y la mejora de la situaci\u00f3n sanitaria, cada vez son m\u00e1s las personas que se animan a programar sus escapadas para Semana Santa.<\/p>\n<p>Los destinos m\u00e1s populares para estas fechas suelen ser aquellos que ofrecen un clima c\u00e1lido y playas paradis\u00edacas, como el Caribe o el Mediterr\u00e1neo. Sin embargo, tambi\u00e9n es com\u00fan ver un incremento en las reservas para destinos culturales y de interior, ya que muchas personas buscan disfrutar de la tradici\u00f3n y las celebraciones propias de la Semana Santa en ciudades hist\u00f3ricas.<\/p>\n<p>Adem\u00e1s, el informe se\u00f1ala que las reservas de hoteles y vuelos est\u00e1n aumentando, lo que indica que los turistas est\u00e1n dispuestos a invertir en sus vacaciones y a disfrutar de una experiencia completa. Este incremento en las reservas es un claro indicador de la confianza que los viajeros tienen en la recuperaci\u00f3n del sector tur\u00edstico.<\/p>\n<p>Para aquellos que a\u00fan no han planificado sus vacaciones para Semana Santa, todav\u00eda hay tiempo para encontrar ofertas atractivas y opciones de viaje que se adapten a sus preferencias. Las agencias de viajes est\u00e1n ofreciendo una amplia variedad de paquetes tur\u00edsticos que incluyen alojamiento, transporte y actividades, lo que facilita la organizaci\u00f3n de unas vacaciones sin complicaciones.<\/p>\n<p>En definitiva, el aumento en las reservas para Semana Santa es una excelente noticia para el sector tur\u00edstico, que se est\u00e1 preparando para recibir a un gran n\u00famero de turistas deseosos de disfrutar de unas vacaciones. Ahora es el momento de comenzar a planificar tu escapada y aprovechar las ofertas y promociones disponibles para disfrutar de unas vacaciones inolvidables.<\/p>\n<p><em> &#8221; Sources www.europapress.es &#8221; <\/em><\/p>\n<p><em> &#8221; Sources www.europapress.es &#8221; <\/em><\/p>\n","protected":false},"excerpt":{"rendered":"<p>La Semana Santa es una de las fechas m\u00e1s esperadas por los amantes del turismo y, este a\u00f1o, las agencias de viajes se est\u00e1n preparando para recibir a un gran n\u00famero de turistas. Seg\u00fan un reciente informe, se espera que las reservas para Semana Santa superen las cifras de a\u00f1os anteriores, lo que es una [&hellip;]<\/p>\n","protected":false},"author":4,"featured_media":729687,"comment_status":"open","ping_status":"closed","sticky":false,"template":"","format":"standard","meta":{"om_disable_all_campaigns":false,"jnews-multi-image_gallery":[],"jnews_single_post":[],"jnews_primary_category":[],"jnews_social_meta":[],"footnotes":""},"categories":[40],"tags":[569,1865,2946,544,1861,545],"class_list":["post-729686","post","type-post","status-publish","format-standard","has-post-thumbnail","hentry","category-industria","tag-agencias-de-viajes","tag-reservas","tag-semana-santa","tag-turismo","tag-vacaciones","tag-viajes"],"_links":{"self":[{"href":"https:\/\/dimensionturistica.com\/es\/wp-json\/wp\/v2\/posts\/729686","targetHints":{"allow":["GET"]}}],"collection":[{"href":"https:\/\/dimensionturistica.com\/es\/wp-json\/wp\/v2\/posts"}],"about":[{"href":"https:\/\/dimensionturistica.com\/es\/wp-json\/wp\/v2\/types\/post"}],"author":[{"embeddable":true,"href":"https:\/\/dimensionturistica.com\/es\/wp-json\/wp\/v2\/users\/4"}],"replies":[{"embeddable":true,"href":"https:\/\/dimensionturistica.com\/es\/wp-json\/wp\/v2\/comments?post=729686"}],"version-history":[{"count":0,"href":"https:\/\/dimensionturistica.com\/es\/wp-json\/wp\/v2\/posts\/729686\/revisions"}],"wp:featuredmedia":[{"embeddable":true,"href":"https:\/\/dimensionturistica.com\/es\/wp-json\/wp\/v2\/media\/729687"}],"wp:attachment":[{"href":"https:\/\/dimensionturistica.com\/es\/wp-json\/wp\/v2\/media?parent=729686"}],"wp:term":[{"taxonomy":"category","embeddable":true,"href":"https:\/\/dimensionturistica.com\/es\/wp-json\/wp\/v2\/categories?post=729686"},{"taxonomy":"post_tag","embeddable":true,"href":"https:\/\/dimensionturistica.com\/es\/wp-json\/wp\/v2\/tags?post=729686"}],"curies":[{"name":"wp","href":"https:\/\/api.w.org\/{rel}","templated":true}]}}