{"id":728384,"date":"2024-02-10T01:05:01","date_gmt":"2024-02-10T01:05:01","guid":{"rendered":"https:\/\/dimensionturistica.com\/es\/?p=728384"},"modified":"2024-02-10T01:05:01","modified_gmt":"2024-02-10T01:05:01","slug":"destinos-y-metodos-de-viaje-preferidos-por-los-espanoles-este-invierno","status":"publish","type":"post","link":"https:\/\/dimensionturistica.com\/es\/destinos-y-metodos-de-viaje-preferidos-por-los-espanoles-este-invierno\/","title":{"rendered":"Destinos y m\u00e9todos de viaje preferidos por los espa\u00f1oles este invierno"},"content":{"rendered":"<p>El precio es determinante para las vacaciones de invierno<\/p>\n<p>A medida que el invierno se acerca, muchos viajeros comienzan a planificar sus vacaciones de temporada. Ya sea para disfrutar de las pistas de esqu\u00ed, visitar mercados navide\u00f1os o simplemente escapar del fr\u00edo, el destino y el precio juegan un papel crucial a la hora de tomar una decisi\u00f3n de viaje.<\/p>\n<p>Seg\u00fan un reciente estudio realizado por una agencia de viajes, el precio es un factor determinante para el 85% de las personas a la hora de elegir un destino de invierno. Esto no deber\u00eda sorprendernos, ya que en la actualidad todos buscamos obtener el m\u00e1ximo valor por nuestro dinero.<\/p>\n<p>A medida que las vacaciones de invierno se vuelven cada vez m\u00e1s populares, es importante tener en cuenta c\u00f3mo el precio puede influir en la experiencia de viaje. Por un lado, un presupuesto ajustado puede limitar las opciones de destino y las comodidades ofrecidas. Por otro lado, gastar m\u00e1s dinero no siempre garantiza una experiencia m\u00e1s placentera.<\/p>\n<p>Es por eso que es crucial encontrar un equilibrio entre el precio y la calidad. Con un poco de investigaci\u00f3n y planificaci\u00f3n, es posible encontrar ofertas atractivas que nos permitan disfrutar de unas vacaciones de invierno inolvidables sin necesidad de gastar una fortuna.<\/p>\n<p>Adem\u00e1s del precio, el estudio tambi\u00e9n revel\u00f3 que la ubicaci\u00f3n, la variedad de actividades y la calidad de los servicios son factores clave a la hora de seleccionar un destino de invierno. Afortunadamente, en la actualidad existen opciones para todos los presupuestos y preferencias, desde destinos de esqu\u00ed de lujo hasta acogedoras posadas en pueblos pintorescos.<\/p>\n<p>Otro aspecto a considerar es la flexibilidad en las fechas de viaje. Seg\u00fan el estudio, el 60% de los encuestados afirm\u00f3 que estar\u00edan dispuestos a ajustar sus fechas de viaje con tal de obtener un mejor precio. Esta flexibilidad puede ser clave para obtener ofertas atractivas, especialmente en temporada alta.<\/p>\n<p>En resumen, el precio juega un papel determinante a la hora de elegir unas vacaciones de invierno, pero no deber\u00eda ser el \u00fanico factor a considerar. Con un enfoque equilibrado, es posible encontrar la combinaci\u00f3n perfecta de precio, calidad y ubicaci\u00f3n para disfrutar de unas vacaciones invernales inolvidables.<\/p>\n<p><em> &#8221; Sources www.hosteltur.com &#8221; <\/em><\/p>\n<p><em> &#8221; Fuentes www.hosteltur.com &#8221; <\/em><\/p>\n","protected":false},"excerpt":{"rendered":"<p>El precio es determinante para las vacaciones de invierno A medida que el invierno se acerca, muchos viajeros comienzan a planificar sus vacaciones de temporada. Ya sea para disfrutar de las pistas de esqu\u00ed, visitar mercados navide\u00f1os o simplemente escapar del fr\u00edo, el destino y el precio juegan un papel crucial a la hora de [&hellip;]<\/p>\n","protected":false},"author":4,"featured_media":728385,"comment_status":"open","ping_status":"closed","sticky":false,"template":"","format":"standard","meta":{"om_disable_all_campaigns":false,"jnews-multi-image_gallery":[],"jnews_single_post":[],"jnews_primary_category":[],"jnews_social_meta":[],"footnotes":""},"categories":[39],"tags":[1228,715,770,5713,653,544,1861,681],"class_list":["post-728384","post","type-post","status-publish","format-standard","has-post-thumbnail","hentry","category-viajes","tag-destinos","tag-economia","tag-espana","tag-invierno","tag-transporte","tag-turismo","tag-vacaciones","tag-viaje"],"_links":{"self":[{"href":"https:\/\/dimensionturistica.com\/es\/wp-json\/wp\/v2\/posts\/728384","targetHints":{"allow":["GET"]}}],"collection":[{"href":"https:\/\/dimensionturistica.com\/es\/wp-json\/wp\/v2\/posts"}],"about":[{"href":"https:\/\/dimensionturistica.com\/es\/wp-json\/wp\/v2\/types\/post"}],"author":[{"embeddable":true,"href":"https:\/\/dimensionturistica.com\/es\/wp-json\/wp\/v2\/users\/4"}],"replies":[{"embeddable":true,"href":"https:\/\/dimensionturistica.com\/es\/wp-json\/wp\/v2\/comments?post=728384"}],"version-history":[{"count":0,"href":"https:\/\/dimensionturistica.com\/es\/wp-json\/wp\/v2\/posts\/728384\/revisions"}],"wp:featuredmedia":[{"embeddable":true,"href":"https:\/\/dimensionturistica.com\/es\/wp-json\/wp\/v2\/media\/728385"}],"wp:attachment":[{"href":"https:\/\/dimensionturistica.com\/es\/wp-json\/wp\/v2\/media?parent=728384"}],"wp:term":[{"taxonomy":"category","embeddable":true,"href":"https:\/\/dimensionturistica.com\/es\/wp-json\/wp\/v2\/categories?post=728384"},{"taxonomy":"post_tag","embeddable":true,"href":"https:\/\/dimensionturistica.com\/es\/wp-json\/wp\/v2\/tags?post=728384"}],"curies":[{"name":"wp","href":"https:\/\/api.w.org\/{rel}","templated":true}]}}