{"id":728381,"date":"2024-02-10T00:59:02","date_gmt":"2024-02-10T00:59:02","guid":{"rendered":"https:\/\/dimensionturistica.com\/es\/?p=728381"},"modified":"2024-02-10T00:59:02","modified_gmt":"2024-02-10T00:59:02","slug":"participacion-de-cuba-en-feria-internacional-de-turismo-y-viajes-emitt-2024-destacada-presencia-en-el-evento","status":"publish","type":"post","link":"https:\/\/dimensionturistica.com\/es\/participacion-de-cuba-en-feria-internacional-de-turismo-y-viajes-emitt-2024-destacada-presencia-en-el-evento\/","title":{"rendered":"Participaci\u00f3n de Cuba en Feria Internacional de Turismo y Viajes EMITT 2024: Destacada presencia en el evento."},"content":{"rendered":"<p>Cuba participa en feria internacional de turismo y viajes EMITT 2024<\/p>\n<p>Cuba, la joya del Caribe, contin\u00faa consolidando su presencia en el mercado tur\u00edstico internacional al participar en la feria EMITT 2024, una de las m\u00e1s importantes de la industria del turismo y los viajes.<\/p>\n<p>Con su presencia en este prestigioso evento, Cuba busca promover sus encantos naturales, su rica cultura, su historia fascinante y su hospitalidad \u00fanica, con el fin de atraer a m\u00e1s viajeros \u00e1vidos de experiencias aut\u00e9nticas y enriquecedoras.<\/p>\n<p>Durante la feria, los representantes de Cuba tendr\u00e1n la oportunidad de reunirse con importantes actores del sector, tales como agencias de viajes, turoperadores, aerol\u00edneas y medios de comunicaci\u00f3n especializados, con el prop\u00f3sito de fortalecer alianzas estrat\u00e9gicas y promocionar las distintas ofertas tur\u00edsticas que el pa\u00eds caribe\u00f1o tiene para ofrecer.<\/p>\n<p>Cuba goza de una gran diversidad de atractivos tur\u00edsticos, desde paradis\u00edacas playas de aguas cristalinas y arenas blancas, hasta ciudades coloniales llenas de historia y encanto, pasando por exuberantes paisajes naturales ideales para el ecoturismo y una vibrante escena cultural que incluye m\u00fasica, danza y artesan\u00eda.<\/p>\n<p>Adem\u00e1s, la isla caribe\u00f1a se distingue por su calidez humana, su esp\u00edritu festivo y su deliciosa gastronom\u00eda, factores que la convierten en un destino \u00fanico e inolvidable para cualquier tipo de viajero.<\/p>\n<p>La participaci\u00f3n de Cuba en la feria EMITT 2024 es una oportunidad para mostrar al mundo todo lo que tiene para ofrecer y para posicionarse como uno de los destinos tur\u00edsticos m\u00e1s atractivos y completos de la regi\u00f3n caribe\u00f1a.<\/p>\n<p>As\u00ed que si est\u00e1s planeando tus pr\u00f3ximas vacaciones, no puedes dejar de considerar a Cuba como tu destino ideal. Ya sea que busques relajarte en hermosas playas, explorar ciudades llenas de historia, o simplemente disfrutar de la alegr\u00eda y la hospitalidad cubana, este pa\u00eds te espera con los brazos abiertos y una amplia gama de experiencias inolvidables.<\/p>\n<p>No pierdas la oportunidad de descubrir la magia de Cuba. \u00a1Te sorprender\u00e1!<\/p>\n<p><em> &#8221; Sources www.traveltradecaribbean.es &#8221; <\/em><\/p>\n<p><em> &#8221; Fuentes www.traveltradecaribbean.es &#8221; <\/em><\/p>\n","protected":false},"excerpt":{"rendered":"<p>Cuba participa en feria internacional de turismo y viajes EMITT 2024 Cuba, la joya del Caribe, contin\u00faa consolidando su presencia en el mercado tur\u00edstico internacional al participar en la feria EMITT 2024, una de las m\u00e1s importantes de la industria del turismo y los viajes. Con su presencia en este prestigioso evento, Cuba busca promover [&hellip;]<\/p>\n","protected":false},"author":4,"featured_media":0,"comment_status":"open","ping_status":"closed","sticky":false,"template":"","format":"standard","meta":{"om_disable_all_campaigns":false,"jnews-multi-image_gallery":[],"jnews_single_post":[],"jnews_primary_category":[],"jnews_social_meta":[],"footnotes":""},"categories":[39],"tags":[956,141861,24313,545],"class_list":["post-728381","post","type-post","status-publish","format-standard","hentry","category-viajes","tag-cuba","tag-emitt-2024","tag-feria-internacional-de-turismo","tag-viajes"],"_links":{"self":[{"href":"https:\/\/dimensionturistica.com\/es\/wp-json\/wp\/v2\/posts\/728381","targetHints":{"allow":["GET"]}}],"collection":[{"href":"https:\/\/dimensionturistica.com\/es\/wp-json\/wp\/v2\/posts"}],"about":[{"href":"https:\/\/dimensionturistica.com\/es\/wp-json\/wp\/v2\/types\/post"}],"author":[{"embeddable":true,"href":"https:\/\/dimensionturistica.com\/es\/wp-json\/wp\/v2\/users\/4"}],"replies":[{"embeddable":true,"href":"https:\/\/dimensionturistica.com\/es\/wp-json\/wp\/v2\/comments?post=728381"}],"version-history":[{"count":0,"href":"https:\/\/dimensionturistica.com\/es\/wp-json\/wp\/v2\/posts\/728381\/revisions"}],"wp:attachment":[{"href":"https:\/\/dimensionturistica.com\/es\/wp-json\/wp\/v2\/media?parent=728381"}],"wp:term":[{"taxonomy":"category","embeddable":true,"href":"https:\/\/dimensionturistica.com\/es\/wp-json\/wp\/v2\/categories?post=728381"},{"taxonomy":"post_tag","embeddable":true,"href":"https:\/\/dimensionturistica.com\/es\/wp-json\/wp\/v2\/tags?post=728381"}],"curies":[{"name":"wp","href":"https:\/\/api.w.org\/{rel}","templated":true}]}}