{"id":727800,"date":"2024-02-09T10:11:10","date_gmt":"2024-02-09T10:11:10","guid":{"rendered":"https:\/\/dimensionturistica.com\/es\/?p=727800"},"modified":"2024-02-09T10:11:10","modified_gmt":"2024-02-09T10:11:10","slug":"nuevas-formas-de-viajes-corporativos-en-2023-itinerarios-extensos-adaptados-a-las-necesidades-y-planificados-con-anticipacion","status":"publish","type":"post","link":"https:\/\/dimensionturistica.com\/es\/nuevas-formas-de-viajes-corporativos-en-2023-itinerarios-extensos-adaptados-a-las-necesidades-y-planificados-con-anticipacion\/","title":{"rendered":"Nuevas formas de viajes corporativos en 2023: itinerarios extensos, adaptados a las necesidades y planificados con anticipaci\u00f3n"},"content":{"rendered":"<p>El mundo de los viajes de negocios est\u00e1 experimentando una transformaci\u00f3n en 2023, ya que los viajeros buscan experiencias m\u00e1s largas, personalizadas y con una mayor antelaci\u00f3n de planificaci\u00f3n.<\/p>\n<p>En lugar de los viajes cortos y programados con poco margen de maniobra, las nuevas tendencias apuntan hacia estad\u00edas m\u00e1s largas que permitan a los viajeros combinar trabajo y placer. Esto significa que las empresas est\u00e1n optando por alargar los viajes de negocios, permitiendo a sus empleados explorar el destino despu\u00e9s de cumplir con sus compromisos laborales. Esta tendencia no solo beneficia a los viajeros, sino que tambi\u00e9n aporta a la econom\u00eda local al impulsar el turismo y el gasto en la regi\u00f3n.<\/p>\n<p>Adem\u00e1s, la personalizaci\u00f3n se ha convertido en una prioridad para los viajeros de negocios. Ahora, m\u00e1s que nunca, buscan experiencias \u00fanicas que se adapten a sus gustos y preferencias individuales. Desde alojamientos a medida hasta actividades personalizadas, los viajes de negocios en 2023 se tratan de ofrecer una experiencia a la medida de cada viajero.<\/p>\n<p>Por \u00faltimo, la planificaci\u00f3n con mayor antelaci\u00f3n se ha vuelto fundamental. Los viajeros de negocios est\u00e1n optando por planificar sus viajes con mayor antelaci\u00f3n, asegurando as\u00ed la disponibilidad de alojamientos, transporte y espacios para reuniones. Esta tendencia no solo garantiza una mejor organizaci\u00f3n del viaje, sino que tambi\u00e9n puede ayudar a obtener tarifas m\u00e1s competitivas y a maximizar el tiempo de ocio una vez finalizadas las actividades laborales.<\/p>\n<p>En resumen, los viajes de negocios en 2023 se alejan de la rigidez y la prisa, abriendo paso a experiencias m\u00e1s enriquecedoras y personalizadas. Esta evoluci\u00f3n no solo beneficia a los viajeros, sino que tambi\u00e9n aporta valor a los destinos, impulsando el turismo y generando un impacto positivo en la econom\u00eda local. Sin duda, el futuro de los viajes de negocios se vislumbra emocionante y lleno de posibilidades.<\/p>\n<p><em> &#8221; Sources www.corrienteshoy.com &#8221; <\/em><\/p>\n<p><em> &#8221; Fuentes www.corrienteshoy.com &#8221; <\/em><\/p>\n","protected":false},"excerpt":{"rendered":"<p>El mundo de los viajes de negocios est\u00e1 experimentando una transformaci\u00f3n en 2023, ya que los viajeros buscan experiencias m\u00e1s largas, personalizadas y con una mayor antelaci\u00f3n de planificaci\u00f3n. En lugar de los viajes cortos y programados con poco margen de maniobra, las nuevas tendencias apuntan hacia estad\u00edas m\u00e1s largas que permitan a los viajeros [&hellip;]<\/p>\n","protected":false},"author":4,"featured_media":727801,"comment_status":"open","ping_status":"closed","sticky":false,"template":"","format":"standard","meta":{"om_disable_all_campaigns":false,"jnews-multi-image_gallery":[],"jnews_single_post":[],"jnews_primary_category":[],"jnews_social_meta":[],"footnotes":""},"categories":[39],"tags":[13282,49098,14637,2093,65634,925],"class_list":["post-727800","post","type-post","status-publish","format-standard","has-post-thumbnail","hentry","category-viajes","tag-13282","tag-antelacion","tag-largos","tag-nuevas-tendencias","tag-personalizados","tag-viajes-de-negocios"],"_links":{"self":[{"href":"https:\/\/dimensionturistica.com\/es\/wp-json\/wp\/v2\/posts\/727800","targetHints":{"allow":["GET"]}}],"collection":[{"href":"https:\/\/dimensionturistica.com\/es\/wp-json\/wp\/v2\/posts"}],"about":[{"href":"https:\/\/dimensionturistica.com\/es\/wp-json\/wp\/v2\/types\/post"}],"author":[{"embeddable":true,"href":"https:\/\/dimensionturistica.com\/es\/wp-json\/wp\/v2\/users\/4"}],"replies":[{"embeddable":true,"href":"https:\/\/dimensionturistica.com\/es\/wp-json\/wp\/v2\/comments?post=727800"}],"version-history":[{"count":0,"href":"https:\/\/dimensionturistica.com\/es\/wp-json\/wp\/v2\/posts\/727800\/revisions"}],"wp:featuredmedia":[{"embeddable":true,"href":"https:\/\/dimensionturistica.com\/es\/wp-json\/wp\/v2\/media\/727801"}],"wp:attachment":[{"href":"https:\/\/dimensionturistica.com\/es\/wp-json\/wp\/v2\/media?parent=727800"}],"wp:term":[{"taxonomy":"category","embeddable":true,"href":"https:\/\/dimensionturistica.com\/es\/wp-json\/wp\/v2\/categories?post=727800"},{"taxonomy":"post_tag","embeddable":true,"href":"https:\/\/dimensionturistica.com\/es\/wp-json\/wp\/v2\/tags?post=727800"}],"curies":[{"name":"wp","href":"https:\/\/api.w.org\/{rel}","templated":true}]}}