{"id":725266,"date":"2024-02-06T05:01:14","date_gmt":"2024-02-06T05:01:14","guid":{"rendered":"https:\/\/dimensionturistica.com\/es\/?p=725266"},"modified":"2024-02-06T05:01:14","modified_gmt":"2024-02-06T05:01:14","slug":"apertura-de-inscripciones-para-viajes-de-turismo-social-inclusivo-en-el-ano-2024","status":"publish","type":"post","link":"https:\/\/dimensionturistica.com\/es\/apertura-de-inscripciones-para-viajes-de-turismo-social-inclusivo-en-el-ano-2024\/","title":{"rendered":"Apertura de Inscripciones para Viajes de Turismo Social Inclusivo en el a\u00f1o 2024"},"content":{"rendered":"<p>\u00a1Descubre un nuevo concepto de turismo con plena inclusi\u00f3n social!<\/p>\n<p>En el mundo del turismo, siempre estamos en busca de nuevas y emocionantes experiencias de viaje. Y hoy tenemos el placer de presentarles una oportunidad \u00fanica: los viajes de turismo social inclusivo.<\/p>\n<p>Recientemente se abrieron las inscripciones para los viajes de turismo social inclusivo que se realizar\u00e1n en el 2024, una iniciativa que busca ofrecer experiencias de viaje enriquecedoras y accesibles para todas las personas, independientemente de sus capacidades o condiciones.<\/p>\n<p>Estos viajes est\u00e1n dise\u00f1ados para garantizar la participaci\u00f3n plena de todas las personas, incluyendo aquellas con discapacidades o necesidades especiales. Esto significa que se ofrecen instalaciones y servicios adaptados, as\u00ed como un equipo de profesionales entrenados para atender las necesidades individuales de cada viajero.<\/p>\n<p>Adem\u00e1s, los destinos seleccionados para estos viajes ofrecen una variedad de actividades y experiencias que permiten a todos los participantes disfrutar plenamente del entorno natural, la cultura local y las atracciones tur\u00edsticas. Desde visitas a sitios hist\u00f3ricos y naturales, hasta actividades de aventura y gastronom\u00eda local, los viajes de turismo social inclusivo prometen ser una experiencia inolvidable para todos.<\/p>\n<p>Para aquellos que deseen ser parte de esta maravillosa iniciativa, las inscripciones ya est\u00e1n abiertas y se espera una gran demanda debido a la creciente conciencia sobre la importancia de la inclusi\u00f3n en el turismo. Sin embargo, no se preocupen, ya que se est\u00e1n planificando varios viajes a lo largo del a\u00f1o 2024, por lo que hay oportunidades para todos.<\/p>\n<p>No se pierdan la oportunidad de formar parte de esta nueva forma de viajar, donde la inclusi\u00f3n social es el foco principal. Los viajes de turismo social inclusivo prometen ser una experiencia \u00fanica, en la que todos pueden participar y disfrutar al m\u00e1ximo. As\u00ed que prep\u00e1rense para vivir momentos inolvidables y descubrir destinos asombrosos junto a personas maravillosas.<\/p>\n<p>\u00a1Inscr\u00edbanse ahora y prep\u00e1rense para disfrutar de un viaje que cambiar\u00e1 su forma de ver el turismo!<\/p>\n<p><em> &#8221; Sources radiopolar.com &#8221; <\/em><\/p>\n<p><em> &#8221; Fuentes radiopolar.com &#8221; <\/em><\/p>\n","protected":false},"excerpt":{"rendered":"<p>\u00a1Descubre un nuevo concepto de turismo con plena inclusi\u00f3n social! En el mundo del turismo, siempre estamos en busca de nuevas y emocionantes experiencias de viaje. Y hoy tenemos el placer de presentarles una oportunidad \u00fanica: los viajes de turismo social inclusivo. Recientemente se abrieron las inscripciones para los viajes de turismo social inclusivo que [&hellip;]<\/p>\n","protected":false},"author":4,"featured_media":725267,"comment_status":"open","ping_status":"closed","sticky":false,"template":"","format":"standard","meta":{"om_disable_all_campaigns":false,"jnews-multi-image_gallery":[],"jnews_single_post":[],"jnews_primary_category":[],"jnews_social_meta":[],"footnotes":""},"categories":[39],"tags":[6495,32722,11854,4645,544,545],"class_list":["post-725266","post","type-post","status-publish","format-standard","has-post-thumbnail","hentry","category-viajes","tag-6495","tag-inclusivo","tag-inscripciones","tag-social","tag-turismo","tag-viajes"],"_links":{"self":[{"href":"https:\/\/dimensionturistica.com\/es\/wp-json\/wp\/v2\/posts\/725266","targetHints":{"allow":["GET"]}}],"collection":[{"href":"https:\/\/dimensionturistica.com\/es\/wp-json\/wp\/v2\/posts"}],"about":[{"href":"https:\/\/dimensionturistica.com\/es\/wp-json\/wp\/v2\/types\/post"}],"author":[{"embeddable":true,"href":"https:\/\/dimensionturistica.com\/es\/wp-json\/wp\/v2\/users\/4"}],"replies":[{"embeddable":true,"href":"https:\/\/dimensionturistica.com\/es\/wp-json\/wp\/v2\/comments?post=725266"}],"version-history":[{"count":0,"href":"https:\/\/dimensionturistica.com\/es\/wp-json\/wp\/v2\/posts\/725266\/revisions"}],"wp:featuredmedia":[{"embeddable":true,"href":"https:\/\/dimensionturistica.com\/es\/wp-json\/wp\/v2\/media\/725267"}],"wp:attachment":[{"href":"https:\/\/dimensionturistica.com\/es\/wp-json\/wp\/v2\/media?parent=725266"}],"wp:term":[{"taxonomy":"category","embeddable":true,"href":"https:\/\/dimensionturistica.com\/es\/wp-json\/wp\/v2\/categories?post=725266"},{"taxonomy":"post_tag","embeddable":true,"href":"https:\/\/dimensionturistica.com\/es\/wp-json\/wp\/v2\/tags?post=725266"}],"curies":[{"name":"wp","href":"https:\/\/api.w.org\/{rel}","templated":true}]}}