{"id":724841,"date":"2024-02-05T17:03:01","date_gmt":"2024-02-05T17:03:01","guid":{"rendered":"https:\/\/dimensionturistica.com\/es\/?p=724841"},"modified":"2024-02-05T17:03:01","modified_gmt":"2024-02-05T17:03:01","slug":"la-escasez-de-lluvias-y-la-falta-de-infraestructura-de-transporte-riesgos-para-el-futuro-de-las-islas-baleares","status":"publish","type":"post","link":"https:\/\/dimensionturistica.com\/es\/la-escasez-de-lluvias-y-la-falta-de-infraestructura-de-transporte-riesgos-para-el-futuro-de-las-islas-baleares\/","title":{"rendered":"La escasez de lluvias y la falta de infraestructura de transporte, riesgos para el futuro de las Islas Baleares"},"content":{"rendered":"<p>Baleares, un destino tur\u00edstico amenazado por la sequ\u00eda y las carencias en transporte<\/p>\n<p>Las Islas Baleares, un para\u00edso del turismo en el Mediterr\u00e1neo, se enfrentan a importantes desaf\u00edos que ponen en riesgo su atractivo para los viajeros. La sequ\u00eda y las deficiencias en el transporte son dos de las principales amenazas que podr\u00edan impactar negativamente en la experiencia de quienes elijan este destino para sus vacaciones.<\/p>\n<p>La escasez de agua es un problema grave en varias de las islas, lo que ha llevado a medidas restrictivas en el consumo y a un aumento de los precios en muchos establecimientos tur\u00edsticos. Este fen\u00f3meno, que afecta directamente la calidad de vida de los habitantes locales, tambi\u00e9n conlleva un impacto en la vegetaci\u00f3n y, por ende, en el atractivo natural de la regi\u00f3n.<\/p>\n<p>Adem\u00e1s, las carencias en el transporte dificultan el desplazamiento de los turistas dentro de las islas, as\u00ed como su conexi\u00f3n con el continente. La falta de infraestructuras adecuadas y de alternativas sostenibles de movilidad representan un obst\u00e1culo para aquellos que desean explorar la diversidad de paisajes y actividades que ofrece el archipi\u00e9lago balear.<\/p>\n<p>A pesar de estas amenazas, las Islas Baleares contin\u00faan siendo un destino apreciado por su belleza, su rica oferta cultural y su clima agradable. Sin embargo, es necesario que tanto las autoridades como los actores del sector tur\u00edstico tomen medidas para hacer frente a estos desaf\u00edos y garantizar la sostenibilidad y competitividad de la regi\u00f3n a largo plazo.<\/p>\n<p>En este sentido, es fundamental impulsar iniciativas que promuevan la conservaci\u00f3n del agua, as\u00ed como el desarrollo de infraestructuras y servicios de transporte que faciliten la movilidad de los visitantes. Asimismo, la diversificaci\u00f3n de la oferta tur\u00edstica, incorporando propuestas ecoamigables y experiencias aut\u00e9nticas, puede contribuir a mitigar el impacto de las amenazas mencionadas.<\/p>\n<p>A pesar de las dificultades, las Islas Baleares siguen siendo un destino que merece ser descubierto y disfrutado. Conscientes de los retos que enfrentan, es responsabilidad de todos contribuir a su preservaci\u00f3n y desarrollo, garantizando as\u00ed que las futuras generaciones puedan seguir disfrutando de su encanto \u00fanico.<\/p>\n<p><em> &#8221; Sources www.preferente.com &#8221; <\/em><\/p>\n<p><em> &#8221; Sources www.preferente.com &#8221; <\/em><\/p>\n","protected":false},"excerpt":{"rendered":"<p>Baleares, un destino tur\u00edstico amenazado por la sequ\u00eda y las carencias en transporte Las Islas Baleares, un para\u00edso del turismo en el Mediterr\u00e1neo, se enfrentan a importantes desaf\u00edos que ponen en riesgo su atractivo para los viajeros. La sequ\u00eda y las deficiencias en el transporte son dos de las principales amenazas que podr\u00edan impactar negativamente [&hellip;]<\/p>\n","protected":false},"author":4,"featured_media":724842,"comment_status":"open","ping_status":"closed","sticky":false,"template":"","format":"standard","meta":{"om_disable_all_campaigns":false,"jnews-multi-image_gallery":[],"jnews_single_post":[],"jnews_primary_category":[],"jnews_social_meta":[],"footnotes":""},"categories":[40],"tags":[569,5126,1771,140443,26281],"class_list":["post-724841","post","type-post","status-publish","format-standard","has-post-thumbnail","hentry","category-industria","tag-agencias-de-viajes","tag-amenazas","tag-baleares","tag-carencias-en-transporte","tag-sequia"],"_links":{"self":[{"href":"https:\/\/dimensionturistica.com\/es\/wp-json\/wp\/v2\/posts\/724841","targetHints":{"allow":["GET"]}}],"collection":[{"href":"https:\/\/dimensionturistica.com\/es\/wp-json\/wp\/v2\/posts"}],"about":[{"href":"https:\/\/dimensionturistica.com\/es\/wp-json\/wp\/v2\/types\/post"}],"author":[{"embeddable":true,"href":"https:\/\/dimensionturistica.com\/es\/wp-json\/wp\/v2\/users\/4"}],"replies":[{"embeddable":true,"href":"https:\/\/dimensionturistica.com\/es\/wp-json\/wp\/v2\/comments?post=724841"}],"version-history":[{"count":0,"href":"https:\/\/dimensionturistica.com\/es\/wp-json\/wp\/v2\/posts\/724841\/revisions"}],"wp:featuredmedia":[{"embeddable":true,"href":"https:\/\/dimensionturistica.com\/es\/wp-json\/wp\/v2\/media\/724842"}],"wp:attachment":[{"href":"https:\/\/dimensionturistica.com\/es\/wp-json\/wp\/v2\/media?parent=724841"}],"wp:term":[{"taxonomy":"category","embeddable":true,"href":"https:\/\/dimensionturistica.com\/es\/wp-json\/wp\/v2\/categories?post=724841"},{"taxonomy":"post_tag","embeddable":true,"href":"https:\/\/dimensionturistica.com\/es\/wp-json\/wp\/v2\/tags?post=724841"}],"curies":[{"name":"wp","href":"https:\/\/api.w.org\/{rel}","templated":true}]}}