{"id":723868,"date":"2024-02-03T22:40:17","date_gmt":"2024-02-03T22:40:17","guid":{"rendered":"https:\/\/dimensionturistica.com\/es\/?p=723868"},"modified":"2024-02-03T22:40:17","modified_gmt":"2024-02-03T22:40:17","slug":"controlas-tus-gastos-financieros-y-fiscales-al-viajar","status":"publish","type":"post","link":"https:\/\/dimensionturistica.com\/es\/controlas-tus-gastos-financieros-y-fiscales-al-viajar\/","title":{"rendered":"\u00bfControlas tus gastos financieros y fiscales al viajar?"},"content":{"rendered":"<p>\u00a1La llegada de los carnavales!<\/p>\n<p>En el mes de febrero, el mundo se llena de color, m\u00fasica y baile con la llegada de los famosos carnavales. Estas festividades, que tienen sus or\u00edgenes en las antiguas celebraciones paganas, se han convertido en una tradici\u00f3n muy arraigada en muchos pa\u00edses alrededor del mundo. Cada a\u00f1o, miles de turistas se preparan para vivir esta experiencia \u00fanica y disfrutar de la alegr\u00eda desbordante que caracteriza a los carnavales.<\/p>\n<p>Uno de los destinos m\u00e1s populares para celebrar el carnaval es Brasil, espec\u00edficamente en R\u00edo de Janeiro. La ciudad se llena de samba, disfraces extravagantes, desfiles impresionantes y una energ\u00eda contagiosa que hace que la gente no quiera dejar de bailar. Es una experiencia inolvidable que combina la pasi\u00f3n por la m\u00fasica y la cultura brasile\u00f1a en un ambiente de fiesta sin igual.<\/p>\n<p>Pero Brasil no es el \u00fanico pa\u00eds que sabe c\u00f3mo festejar el carnaval. En Venecia, Italia, los visitantes pueden disfrutar de un carnaval lleno de elegancia y misterio, con sus famosas m\u00e1scaras y trajes venecianos. Las calles se llenan de color y la ciudad se convierte en un escenario de fantas\u00eda donde los asistentes pueden disfrutar de bailes, desfiles de barcos y conciertos al aire libre.<\/p>\n<p>En el Caribe, el carnaval de Trinidad y Tobago es conocido por su vibrante m\u00fasica, espectaculares disfraces y concursos de baile que muestran la diversidad cultural de la regi\u00f3n. Es una celebraci\u00f3n llena de energ\u00eda y alegr\u00eda, que atrae a visitantes de todas partes del mundo que buscan sumergirse en la cultura caribe\u00f1a y disfrutar de sus festividades.<\/p>\n<p>En Espa\u00f1a, el carnaval de Tenerife es otra de las celebraciones m\u00e1s destacadas, con sus desfiles de comparsas, m\u00fasica en vivo y concursos de disfraces que dan vida a las calles de la isla. Esta festividad es conocida por su atm\u00f3sfera festiva y llena de diversi\u00f3n, que atrae a visitantes de todas las edades que buscan experimentar la alegr\u00eda del carnaval.<\/p>\n<p>Sea cual sea el destino que elijas para celebrar el carnaval, una cosa es segura: esta festividad te brindar\u00e1 momentos inolvidables, experiencias \u00fanicas y un sinf\u00edn de emociones. As\u00ed que prepara tus mejores disfraces, empaca tu esp\u00edritu festivo y prep\u00e1rate para sumergirte en la magia de los carnavales alrededor del mundo. \u00a1No te arrepentir\u00e1s!<\/p>\n<p><em> &#8221; Sources wradio.com.mx &#8221; <\/em><\/p>\n<p><em> &#8221; Fuentes wradio.com.mx &#8221; <\/em><\/p>\n","protected":false},"excerpt":{"rendered":"<p>\u00a1La llegada de los carnavales! En el mes de febrero, el mundo se llena de color, m\u00fasica y baile con la llegada de los famosos carnavales. Estas festividades, que tienen sus or\u00edgenes en las antiguas celebraciones paganas, se han convertido en una tradici\u00f3n muy arraigada en muchos pa\u00edses alrededor del mundo. Cada a\u00f1o, miles de [&hellip;]<\/p>\n","protected":false},"author":4,"featured_media":723869,"comment_status":"open","ping_status":"closed","sticky":false,"template":"","format":"standard","meta":{"om_disable_all_campaigns":false,"jnews-multi-image_gallery":[],"jnews_single_post":[],"jnews_primary_category":[],"jnews_social_meta":[],"footnotes":""},"categories":[39],"tags":[1932,3721,1933,790],"class_list":["post-723868","post","type-post","status-publish","format-standard","has-post-thumbnail","hentry","category-viajes","tag-finanzas","tag-gastos","tag-impuestos","tag-viajar"],"_links":{"self":[{"href":"https:\/\/dimensionturistica.com\/es\/wp-json\/wp\/v2\/posts\/723868","targetHints":{"allow":["GET"]}}],"collection":[{"href":"https:\/\/dimensionturistica.com\/es\/wp-json\/wp\/v2\/posts"}],"about":[{"href":"https:\/\/dimensionturistica.com\/es\/wp-json\/wp\/v2\/types\/post"}],"author":[{"embeddable":true,"href":"https:\/\/dimensionturistica.com\/es\/wp-json\/wp\/v2\/users\/4"}],"replies":[{"embeddable":true,"href":"https:\/\/dimensionturistica.com\/es\/wp-json\/wp\/v2\/comments?post=723868"}],"version-history":[{"count":0,"href":"https:\/\/dimensionturistica.com\/es\/wp-json\/wp\/v2\/posts\/723868\/revisions"}],"wp:featuredmedia":[{"embeddable":true,"href":"https:\/\/dimensionturistica.com\/es\/wp-json\/wp\/v2\/media\/723869"}],"wp:attachment":[{"href":"https:\/\/dimensionturistica.com\/es\/wp-json\/wp\/v2\/media?parent=723868"}],"wp:term":[{"taxonomy":"category","embeddable":true,"href":"https:\/\/dimensionturistica.com\/es\/wp-json\/wp\/v2\/categories?post=723868"},{"taxonomy":"post_tag","embeddable":true,"href":"https:\/\/dimensionturistica.com\/es\/wp-json\/wp\/v2\/tags?post=723868"}],"curies":[{"name":"wp","href":"https:\/\/api.w.org\/{rel}","templated":true}]}}