{"id":721558,"date":"2024-01-31T21:12:35","date_gmt":"2024-01-31T21:12:35","guid":{"rendered":"https:\/\/dimensionturistica.com\/es\/?p=721558"},"modified":"2024-01-31T21:12:35","modified_gmt":"2024-01-31T21:12:35","slug":"los-mejores-lugares-del-mundo-para-una-experiencia-inolvidable","status":"publish","type":"post","link":"https:\/\/dimensionturistica.com\/es\/los-mejores-lugares-del-mundo-para-una-experiencia-inolvidable\/","title":{"rendered":"Los mejores lugares del mundo para una experiencia inolvidable"},"content":{"rendered":"<p>El carnaval es una de las festividades m\u00e1s coloridas y emocionantes del mundo, y cada pa\u00eds tiene su propia forma \u00fanica de celebrarlo. Si eres amante de la cultura y la diversi\u00f3n, definitivamente debes incluir en tu lista de viajes algunos de los destinos m\u00e1s destacados para disfrutar de esta celebraci\u00f3n.<\/p>\n<p>Uno de los destinos m\u00e1s populares para celebrar el carnaval es R\u00edo de Janeiro, Brasil. Sus deslumbrantes desfiles de samba, las impresionantes carrozas y los incre\u00edbles trajes hacen de esta festividad una experiencia inolvidable. La energ\u00eda y la pasi\u00f3n de los brasile\u00f1os durante el carnaval te dejar\u00e1n sin aliento.<\/p>\n<p>Otro destino imperdible es Nueva Orleans, Estados Unidos, donde el carnaval toma el nombre de Mardi Gras. Esta celebraci\u00f3n se distingue por sus desfiles llenos de color, la m\u00fasica en vivo y la deliciosa comida criolla. La ciudad se transforma en un escenario de alegr\u00eda y diversi\u00f3n para todos los que la visitan durante esta \u00e9poca del a\u00f1o.<\/p>\n<p>Si buscas una experiencia m\u00e1s aut\u00e9ntica, el Carnaval de Venecia, Italia, es la opci\u00f3n perfecta. Los elegantes trajes de \u00e9poca, las m\u00e1scaras exquisitamente decoradas y las impresionantes fiestas en las plazas hacen de esta celebraci\u00f3n una verdadera obra maestra. Pasear por los canales de Venecia durante el carnaval te transportar\u00e1 a otra \u00e9poca.<\/p>\n<p>No podemos dejar de mencionar el Carnaval de Colonia, Alemania, conocido como la quinta estaci\u00f3n del a\u00f1o. Esta festividad es famosa por sus desfiles animados, la m\u00fasica tradicional y las numerosas sesiones de carnaval en los bares y clubes. La alegr\u00eda y el esp\u00edritu festivo de los alemanes te contagiar\u00e1n desde el primer momento.<\/p>\n<p>Finalmente, el Carnaval de Barranquilla, Colombia, es una explosi\u00f3n de alegr\u00eda y folclore. Sus coloridos desfiles, la m\u00fasica caribe\u00f1a y la calidez de su gente hacen de esta celebraci\u00f3n una de las m\u00e1s emocionantes de Am\u00e9rica Latina. No puedes perderte la oportunidad de vivir la magia del carnaval en Barranquilla.<\/p>\n<p>\u00bfQu\u00e9 est\u00e1s esperando? Prepara tu disfraz, empaca tus maletas y prep\u00e1rate para vivir una experiencia inolvidable en alguno de estos incre\u00edbles destinos de carnaval. \u00a1La diversi\u00f3n y la alegr\u00eda te esperan en cada rinc\u00f3n del mundo!<\/p>\n<p><em> &#8221; Sources chile.viajando.travel &#8221; <\/em><\/p>\n<p><em> &#8221; Fuentes chile.viajando.travel &#8221; <\/em><\/p>\n","protected":false},"excerpt":{"rendered":"<p>El carnaval es una de las festividades m\u00e1s coloridas y emocionantes del mundo, y cada pa\u00eds tiene su propia forma \u00fanica de celebrarlo. Si eres amante de la cultura y la diversi\u00f3n, definitivamente debes incluir en tu lista de viajes algunos de los destinos m\u00e1s destacados para disfrutar de esta celebraci\u00f3n. Uno de los destinos [&hellip;]<\/p>\n","protected":false},"author":4,"featured_media":721559,"comment_status":"open","ping_status":"closed","sticky":false,"template":"","format":"standard","meta":{"om_disable_all_campaigns":false,"jnews-multi-image_gallery":[],"jnews_single_post":[],"jnews_primary_category":[],"jnews_social_meta":[],"footnotes":""},"categories":[39],"tags":[1228,7402,797,1861,545],"class_list":["post-721558","post","type-post","status-publish","format-standard","has-post-thumbnail","hentry","category-viajes","tag-destinos","tag-disfrutar","tag-mundo","tag-vacaciones","tag-viajes"],"_links":{"self":[{"href":"https:\/\/dimensionturistica.com\/es\/wp-json\/wp\/v2\/posts\/721558","targetHints":{"allow":["GET"]}}],"collection":[{"href":"https:\/\/dimensionturistica.com\/es\/wp-json\/wp\/v2\/posts"}],"about":[{"href":"https:\/\/dimensionturistica.com\/es\/wp-json\/wp\/v2\/types\/post"}],"author":[{"embeddable":true,"href":"https:\/\/dimensionturistica.com\/es\/wp-json\/wp\/v2\/users\/4"}],"replies":[{"embeddable":true,"href":"https:\/\/dimensionturistica.com\/es\/wp-json\/wp\/v2\/comments?post=721558"}],"version-history":[{"count":0,"href":"https:\/\/dimensionturistica.com\/es\/wp-json\/wp\/v2\/posts\/721558\/revisions"}],"wp:featuredmedia":[{"embeddable":true,"href":"https:\/\/dimensionturistica.com\/es\/wp-json\/wp\/v2\/media\/721559"}],"wp:attachment":[{"href":"https:\/\/dimensionturistica.com\/es\/wp-json\/wp\/v2\/media?parent=721558"}],"wp:term":[{"taxonomy":"category","embeddable":true,"href":"https:\/\/dimensionturistica.com\/es\/wp-json\/wp\/v2\/categories?post=721558"},{"taxonomy":"post_tag","embeddable":true,"href":"https:\/\/dimensionturistica.com\/es\/wp-json\/wp\/v2\/tags?post=721558"}],"curies":[{"name":"wp","href":"https:\/\/api.w.org\/{rel}","templated":true}]}}