{"id":720415,"date":"2024-01-30T16:51:14","date_gmt":"2024-01-30T16:51:14","guid":{"rendered":"https:\/\/dimensionturistica.com\/es\/?p=720415"},"modified":"2024-01-30T16:52:25","modified_gmt":"2024-01-30T16:52:25","slug":"la-propiedad-vacacional-cierra-un-2023-de-crecimiento-y-anticipa-un-solido-2024","status":"publish","type":"post","link":"https:\/\/dimensionturistica.com\/es\/la-propiedad-vacacional-cierra-un-2023-de-crecimiento-y-anticipa-un-solido-2024\/","title":{"rendered":"La propiedad vacacional cierra un 2023 de crecimiento y anticipa un s\u00f3lido 2024"},"content":{"rendered":"<p>De acuerdo con la Asociaci\u00f3n Mexicana de Desarrolladores Tur\u00edsticos (AMDETUR), el segmento de propiedad vacacional cerr\u00f3 el 2023 con n\u00fameros alentadores, donde muchos desarrolladores registraron crecimientos de entre el 10% y el 15% en comparaci\u00f3n con el 2022.<\/p>\n<p>\u201cLos clubes vacacionales y tiempos compartidos han emergido como elementos clave en el sector tur\u00edstico, representando ventas de membres\u00edas por aproximadamente 6 mil millones de d\u00f3lares anuales en M\u00e9xico. Hay que considerar que la propiedad vacacional es un segmento que vale alrededor de 20 mil millones de d\u00f3lares. a nivel mundial\u201d, comparti\u00f3 Rosario Rodr\u00edguez, presidenta del Consejo Consultivo de AMDETUR y directora<img decoding=\"async\" class=\" wp-image-720416 alignleft\" src=\"https:\/\/dimensionturistica.com\/es\/wp-content\/uploads\/2024\/01\/1AMDETUR-300x169.jpg\" alt=\"\" width=\"863\" height=\"486\" srcset=\"https:\/\/dimensionturistica.com\/es\/wp-content\/uploads\/2024\/01\/1AMDETUR-300x169.jpg 300w, https:\/\/dimensionturistica.com\/es\/wp-content\/uploads\/2024\/01\/1AMDETUR.jpg 600w\" sizes=\"(max-width: 863px) 100vw, 863px\" \/> general de Royal Holiday.<\/p>\n<p>De cara a este 2024, el segmento de la propiedad vacacional estima un rango de crecimiento de entre el 6% y el 10%. Esto, gracias a la preferencia de los viajeros por la riqueza natural con la que cuenta el pa\u00eds, como las playas, as\u00ed como el servicio excepcional, y las experiencias vacacionales incomparables.<\/p>\n<p>Este panorama positivo es equiparable a lo que reporta la Secretar\u00eda de Turismo federal, ya que estima un<img decoding=\"async\" class=\" wp-image-720423 alignleft\" src=\"https:\/\/dimensionturistica.com\/es\/wp-content\/uploads\/2024\/01\/2ADETUR-300x169.jpg\" alt=\"\" width=\"882\" height=\"497\" srcset=\"https:\/\/dimensionturistica.com\/es\/wp-content\/uploads\/2024\/01\/2ADETUR-300x169.jpg 300w, https:\/\/dimensionturistica.com\/es\/wp-content\/uploads\/2024\/01\/2ADETUR.jpg 600w\" sizes=\"(max-width: 882px) 100vw, 882px\" \/> notable crecimiento para la industria tur\u00edstica en este a\u00f1o, proyectando la llegada de 42 millones 469 mil turistas internacionales, lo que representa un destacado incremento del 5.4% en comparaci\u00f3n con el a\u00f1o anterior. Adem\u00e1s, prev\u00e9 que la participaci\u00f3n del PIB Tur\u00edstico en la econom\u00eda nacional aumentar\u00e1, alcanzando un 8.7% del PIB Nacional.<\/p>\n<p>Actualmente, M\u00e9xico es el segundo pa\u00eds en ventas a nivel mundial de membres\u00edas de tiempo compartido o propiedad vacacional, despu\u00e9s de Estados Unidos.<\/p>\n<p>En este contexto, para la Asociaci\u00f3n, el mercado mexicano se revela como un motor fuerte, resiliente y con un potencial de crecimiento que representa un papel destacado en el panorama internacional de la propiedad vacacional.<\/p>\n<p>AMDETUR es el organismo del sector tur\u00edstico que agrupa y representa al 90% de los desarrolladores e inversionistas del sector del tiempo compartido y la propiedad vacacional en M\u00e9xico.<\/p>\n","protected":false},"excerpt":{"rendered":"<p>De acuerdo con la Asociaci\u00f3n Mexicana de Desarrolladores Tur\u00edsticos (AMDETUR), el segmento de propiedad vacacional cerr\u00f3 el 2023 con n\u00fameros alentadores, donde muchos desarrolladores registraron crecimientos de entre el 10% y el 15% en comparaci\u00f3n con el 2022. \u201cLos clubes vacacionales y tiempos compartidos han emergido como elementos clave en el sector tur\u00edstico, representando ventas [&hellip;]<\/p>\n","protected":false},"author":1,"featured_media":720454,"comment_status":"open","ping_status":"closed","sticky":false,"template":"","format":"standard","meta":{"om_disable_all_campaigns":false,"jnews-multi-image_gallery":[],"jnews_single_post":{"source_name":"","source_url":"","via_name":"","via_url":"","override_template":"0","override":[{"template":"1","single_blog_custom":"","parallax":"1","fullscreen":"1","layout":"right-sidebar","sidebar":"default-sidebar","second_sidebar":"default-sidebar","sticky_sidebar":"1","share_position":"top","share_float_style":"share-monocrhome","show_share_counter":"1","show_view_counter":"1","show_featured":"1","show_post_meta":"1","show_post_author":"1","show_post_author_image":"1","show_post_date":"1","post_date_format":"default","post_date_format_custom":"Y\/m\/d","show_post_category":"1","show_post_reading_time":"0","post_reading_time_wpm":"300","show_zoom_button":"0","zoom_button_out_step":"2","zoom_button_in_step":"3","show_post_tag":"1","show_prev_next_post":"1","show_popup_post":"1","number_popup_post":"1","show_author_box":"0","show_post_related":"0","show_inline_post_related":"0"}],"override_image_size":"0","image_override":[{"single_post_thumbnail_size":"crop-500","single_post_gallery_size":"crop-500"}],"trending_post":"0","trending_post_position":"meta","trending_post_label":"Trending","sponsored_post":"0","sponsored_post_label":"Sponsored by","sponsored_post_name":"","sponsored_post_url":"","sponsored_post_logo_enable":"0","sponsored_post_logo":"","sponsored_post_desc":"","disable_ad":"0"},"jnews_primary_category":{"id":"","hide":""},"jnews_social_meta":{"fb_title":"","fb_description":"","fb_image":"","twitter_title":"","twitter_description":"","twitter_image":""},"footnotes":""},"categories":[39,44],"tags":[],"class_list":["post-720415","post","type-post","status-publish","format-standard","has-post-thumbnail","hentry","category-viajes","category-videos"],"_links":{"self":[{"href":"https:\/\/dimensionturistica.com\/es\/wp-json\/wp\/v2\/posts\/720415","targetHints":{"allow":["GET"]}}],"collection":[{"href":"https:\/\/dimensionturistica.com\/es\/wp-json\/wp\/v2\/posts"}],"about":[{"href":"https:\/\/dimensionturistica.com\/es\/wp-json\/wp\/v2\/types\/post"}],"author":[{"embeddable":true,"href":"https:\/\/dimensionturistica.com\/es\/wp-json\/wp\/v2\/users\/1"}],"replies":[{"embeddable":true,"href":"https:\/\/dimensionturistica.com\/es\/wp-json\/wp\/v2\/comments?post=720415"}],"version-history":[{"count":0,"href":"https:\/\/dimensionturistica.com\/es\/wp-json\/wp\/v2\/posts\/720415\/revisions"}],"wp:featuredmedia":[{"embeddable":true,"href":"https:\/\/dimensionturistica.com\/es\/wp-json\/wp\/v2\/media\/720454"}],"wp:attachment":[{"href":"https:\/\/dimensionturistica.com\/es\/wp-json\/wp\/v2\/media?parent=720415"}],"wp:term":[{"taxonomy":"category","embeddable":true,"href":"https:\/\/dimensionturistica.com\/es\/wp-json\/wp\/v2\/categories?post=720415"},{"taxonomy":"post_tag","embeddable":true,"href":"https:\/\/dimensionturistica.com\/es\/wp-json\/wp\/v2\/tags?post=720415"}],"curies":[{"name":"wp","href":"https:\/\/api.w.org\/{rel}","templated":true}]}}