{"id":718469,"date":"2024-01-28T20:03:28","date_gmt":"2024-01-28T20:03:28","guid":{"rendered":"https:\/\/dimensionturistica.com\/es\/?p=718469"},"modified":"2024-01-28T20:03:28","modified_gmt":"2024-01-28T20:03:28","slug":"experiencias-enologicas-y-turisticas-una-semana-dedicada-al-vino-y-los-viajes","status":"publish","type":"post","link":"https:\/\/dimensionturistica.com\/es\/experiencias-enologicas-y-turisticas-una-semana-dedicada-al-vino-y-los-viajes\/","title":{"rendered":"Experiencias enol\u00f3gicas y tur\u00edsticas: una semana dedicada al vino y los viajes"},"content":{"rendered":"<p>\u00danete a la Semana del Vino y los Viajes en Portugal<\/p>\n<p>Portugal es un pa\u00eds conocido por su deliciosa gastronom\u00eda, hermosos paisajes y, por supuesto, sus renombrados vinos. Si eres un amante del vino y te encanta viajar, entonces no puedes perderte la Semana del Vino y los Viajes, que se celebra en Portugal.<\/p>\n<p>Durante esta emocionante semana, tendr\u00e1s la oportunidad de sumergirte en la rica cultura vin\u00edcola de Portugal, explorar sus impresionantes vi\u00f1edos y degustar una variedad de vinos exquisitos. Desde el famoso vino de Oporto hasta el refrescante vino verde, hay algo para todos los gustos.<\/p>\n<p>Pero esta semana no se trata solo de beber vino, sino tambi\u00e9n de explorar las regiones vin\u00edcolas de Portugal. Tendr\u00e1s la oportunidad de visitar bodegas hist\u00f3ricas, aprender sobre el proceso de vinificaci\u00f3n y disfrutar de la hospitalidad portuguesa en el camino.<\/p>\n<p>Adem\u00e1s, la Semana del Vino y los Viajes ofrece una variedad de experiencias tur\u00edsticas para complementar tu amor por el vino. Puedes participar en catas de aceite de oliva, recorrer pintorescos pueblos y disfrutar de la deliciosa cocina portuguesa que complementa perfectamente los vinos locales.<\/p>\n<p>Si eres un viajero entusiasta que busca una experiencia \u00fanica que combine el vino y la cultura, no hay mejor momento para visitar Portugal que durante la Semana del Vino y los Viajes. \u00a1No te pierdas la oportunidad de descubrir el encanto de Portugal a trav\u00e9s de sus vinos y su hospitalidad incomparable!<\/p>\n<p><em> &#8221; Sources www.theportugalnews.com &#8221; <\/em><\/p>\n<p><em> &#8221; Fuentes www.theportugalnews.com &#8221; <\/em><\/p>\n","protected":false},"excerpt":{"rendered":"<p>\u00danete a la Semana del Vino y los Viajes en Portugal Portugal es un pa\u00eds conocido por su deliciosa gastronom\u00eda, hermosos paisajes y, por supuesto, sus renombrados vinos. Si eres un amante del vino y te encanta viajar, entonces no puedes perderte la Semana del Vino y los Viajes, que se celebra en Portugal. Durante [&hellip;]<\/p>\n","protected":false},"author":4,"featured_media":718470,"comment_status":"open","ping_status":"closed","sticky":false,"template":"","format":"standard","meta":{"om_disable_all_campaigns":false,"jnews-multi-image_gallery":[],"jnews_single_post":[],"jnews_primary_category":[],"jnews_social_meta":[],"footnotes":""},"categories":[39],"tags":[70213,6765,685,24906],"class_list":["post-718469","post","type-post","status-publish","format-standard","has-post-thumbnail","hentry","category-viajes","tag-event","tag-tourism","tag-travel","tag-wine"],"_links":{"self":[{"href":"https:\/\/dimensionturistica.com\/es\/wp-json\/wp\/v2\/posts\/718469","targetHints":{"allow":["GET"]}}],"collection":[{"href":"https:\/\/dimensionturistica.com\/es\/wp-json\/wp\/v2\/posts"}],"about":[{"href":"https:\/\/dimensionturistica.com\/es\/wp-json\/wp\/v2\/types\/post"}],"author":[{"embeddable":true,"href":"https:\/\/dimensionturistica.com\/es\/wp-json\/wp\/v2\/users\/4"}],"replies":[{"embeddable":true,"href":"https:\/\/dimensionturistica.com\/es\/wp-json\/wp\/v2\/comments?post=718469"}],"version-history":[{"count":0,"href":"https:\/\/dimensionturistica.com\/es\/wp-json\/wp\/v2\/posts\/718469\/revisions"}],"wp:featuredmedia":[{"embeddable":true,"href":"https:\/\/dimensionturistica.com\/es\/wp-json\/wp\/v2\/media\/718470"}],"wp:attachment":[{"href":"https:\/\/dimensionturistica.com\/es\/wp-json\/wp\/v2\/media?parent=718469"}],"wp:term":[{"taxonomy":"category","embeddable":true,"href":"https:\/\/dimensionturistica.com\/es\/wp-json\/wp\/v2\/categories?post=718469"},{"taxonomy":"post_tag","embeddable":true,"href":"https:\/\/dimensionturistica.com\/es\/wp-json\/wp\/v2\/tags?post=718469"}],"curies":[{"name":"wp","href":"https:\/\/api.w.org\/{rel}","templated":true}]}}