{"id":715386,"date":"2024-01-26T08:43:19","date_gmt":"2024-01-26T08:43:19","guid":{"rendered":"https:\/\/dimensionturistica.com\/es\/?p=715386"},"modified":"2024-01-26T08:43:19","modified_gmt":"2024-01-26T08:43:19","slug":"demandas-de-transportistas-espanoles-de-posponer-viajes-ante-el-caotico-panorama-previsto-en-las-carreteras-de-francia","status":"publish","type":"post","link":"https:\/\/dimensionturistica.com\/es\/demandas-de-transportistas-espanoles-de-posponer-viajes-ante-el-caotico-panorama-previsto-en-las-carreteras-de-francia\/","title":{"rendered":"Demandas de transportistas espa\u00f1oles de posponer viajes ante el ca\u00f3tico panorama previsto en las carreteras de Francia."},"content":{"rendered":"<p>El mundo del turismo ha sido impactado por la situaci\u00f3n actual con la pandemia, y ha tra\u00eddo consigo una serie de desaf\u00edos para los transportistas en Espa\u00f1a. Ante la incertidumbre y la necesidad de garantizar la seguridad de los viajeros, los transportistas han pedido posponer los viajes para evitar riesgos innecesarios.<\/p>\n<p>Esta solicitud surge como resultado de la preocupaci\u00f3n por la salud y bienestar de los turistas, as\u00ed como por la viabilidad y sostenibilidad de la industria del transporte. Los transportistas han expresado su deseo de aplazar los viajes hasta que las condiciones sean m\u00e1s seguras y se puedan ofrecer garant\u00edas de protecci\u00f3n a los usuarios.<\/p>\n<p>Esta petici\u00f3n plantea una reflexi\u00f3n importante sobre la situaci\u00f3n actual de los viajes y el turismo. Si bien es comprensible el deseo de retomar las actividades habituales, es crucial considerar la importancia de priorizar la salud y seguridad de todos los involucrados. El aplazamiento de los viajes puede ser una medida necesaria para proteger a los viajeros y a la vez apoyar la estabilidad del sector tur\u00edstico.<\/p>\n<p>Adem\u00e1s, esta situaci\u00f3n invita a repensar la forma en que concebimos el turismo en la actualidad. Es un recordatorio de que la industria del turismo es vulnerable a los cambios repentinos, y que es fundamental adaptarse y tomar medidas responsables para proteger a quienes participan en ella.<\/p>\n<p>En este sentido, es importante que tanto los viajeros como las empresas tur\u00edsticas est\u00e9n abiertos a explorar alternativas que permitan disfrutar de la experiencia tur\u00edstica de forma segura y responsable. Esto podr\u00eda incluir el dise\u00f1o de itinerarios flexibles, la implementaci\u00f3n de protocolos de seguridad m\u00e1s estrictos y la promoci\u00f3n de destinos menos concurridos.<\/p>\n<p>El llamado de los transportistas a posponer los viajes nos brinda la oportunidad de reflexionar sobre el papel que desempe\u00f1amos en la industria del turismo, y la importancia de actuar con responsabilidad y empat\u00eda. Es un recordatorio de que, juntos, podemos contribuir a la reconstrucci\u00f3n de un turismo m\u00e1s sostenible y consciente de su impacto en el mundo.<\/p>\n<p><em> &#8221; Sources www.abc.es &#8221; <\/em><\/p>\n<p><em> &#8221; Fuentes www.abc.es &#8221; <\/em><\/p>\n","protected":false},"excerpt":{"rendered":"<p>El mundo del turismo ha sido impactado por la situaci\u00f3n actual con la pandemia, y ha tra\u00eddo consigo una serie de desaf\u00edos para los transportistas en Espa\u00f1a. Ante la incertidumbre y la necesidad de garantizar la seguridad de los viajeros, los transportistas han pedido posponer los viajes para evitar riesgos innecesarios. Esta solicitud surge como [&hellip;]<\/p>\n","protected":false},"author":4,"featured_media":715387,"comment_status":"open","ping_status":"closed","sticky":false,"template":"","format":"standard","meta":{"om_disable_all_campaigns":false,"jnews-multi-image_gallery":[],"jnews_single_post":[],"jnews_primary_category":[],"jnews_social_meta":[],"footnotes":""},"categories":[39],"tags":[2667,914,5684,3918,8894,8651,137075,134296,7314,11986,545,8893,9289],"class_list":["post-715386","post","type-post","status-publish","format-standard","has-post-thumbnail","hentry","category-viajes","tag-ante","tag-carreteras","tag-espanoles","tag-francia","tag-negro","tag-piden","tag-pospogan","tag-pospongan","tag-prevision","tag-transportistas","tag-viajes","tag-viernes","tag-viernes-negro"],"_links":{"self":[{"href":"https:\/\/dimensionturistica.com\/es\/wp-json\/wp\/v2\/posts\/715386","targetHints":{"allow":["GET"]}}],"collection":[{"href":"https:\/\/dimensionturistica.com\/es\/wp-json\/wp\/v2\/posts"}],"about":[{"href":"https:\/\/dimensionturistica.com\/es\/wp-json\/wp\/v2\/types\/post"}],"author":[{"embeddable":true,"href":"https:\/\/dimensionturistica.com\/es\/wp-json\/wp\/v2\/users\/4"}],"replies":[{"embeddable":true,"href":"https:\/\/dimensionturistica.com\/es\/wp-json\/wp\/v2\/comments?post=715386"}],"version-history":[{"count":0,"href":"https:\/\/dimensionturistica.com\/es\/wp-json\/wp\/v2\/posts\/715386\/revisions"}],"wp:featuredmedia":[{"embeddable":true,"href":"https:\/\/dimensionturistica.com\/es\/wp-json\/wp\/v2\/media\/715387"}],"wp:attachment":[{"href":"https:\/\/dimensionturistica.com\/es\/wp-json\/wp\/v2\/media?parent=715386"}],"wp:term":[{"taxonomy":"category","embeddable":true,"href":"https:\/\/dimensionturistica.com\/es\/wp-json\/wp\/v2\/categories?post=715386"},{"taxonomy":"post_tag","embeddable":true,"href":"https:\/\/dimensionturistica.com\/es\/wp-json\/wp\/v2\/tags?post=715386"}],"curies":[{"name":"wp","href":"https:\/\/api.w.org\/{rel}","templated":true}]}}