{"id":715017,"date":"2024-01-26T03:07:44","date_gmt":"2024-01-26T03:07:44","guid":{"rendered":"https:\/\/dimensionturistica.com\/es\/?p=715017"},"modified":"2024-01-26T03:07:44","modified_gmt":"2024-01-26T03:07:44","slug":"la-postura-de-ryanair-hacia-las-agencias-de-viaje-es-unica","status":"publish","type":"post","link":"https:\/\/dimensionturistica.com\/es\/la-postura-de-ryanair-hacia-las-agencias-de-viaje-es-unica\/","title":{"rendered":"La postura de Ryanair hacia las agencias de viaje es \u00fanica"},"content":{"rendered":"<p>La pol\u00e9mica entre Atr\u00e1palo y Ryanair: \u00bfQu\u00e9 significa para las agencias de viaje?<\/p>\n<p>Recientemente, se ha desatado una pol\u00e9mica en el mundo de los viajes entre la aerol\u00ednea Ryanair y la agencia de viajes online Atr\u00e1palo. El conflicto gira en torno a la decisi\u00f3n de Ryanair de eliminar su asociaci\u00f3n con Atr\u00e1palo, lo que ha generado un debate sobre el papel de las agencias de viaje en la industria tur\u00edstica.<\/p>\n<p>La decisi\u00f3n de Ryanair de cortar lazos con Atr\u00e1palo ha levantado una serie de preguntas sobre el futuro de las agencias de viaje en un mercado cada vez m\u00e1s dominado por las aerol\u00edneas y los canales de venta directa. \u00bfSignifica esto el comienzo del declive de las agencias de viaje tradicionales? \u00bfO es solo un movimiento estrat\u00e9gico por parte de Ryanair para impulsar sus ventas directas?<\/p>\n<p>Ignacio Giral, director general de Atr\u00e1palo, ha expresado su descontento con la decisi\u00f3n de Ryanair, calific\u00e1ndola de &#8220;antag\u00f3nica&#8221; y &#8220;hostil hacia las agencias de viaje&#8221;. Seg\u00fan Giral, esta decisi\u00f3n perjudica tanto a las agencias de viaje como a los propios clientes, ya que limita las opciones de compra y dificulta la comparaci\u00f3n de precios.<\/p>\n<p>Por su parte, Ryanair ha defendido su decisi\u00f3n argumentando que &#8220;el objetivo es impulsar las ventas directas y eliminar la intermediaci\u00f3n de las agencias de viaje online&#8221;. La aerol\u00ednea ha afirmado que esta medida forma parte de su estrategia para ofrecer tarifas m\u00e1s competitivas y mejorar la experiencia del cliente.<\/p>\n<p>Esta disputa pone de manifiesto la creciente tensi\u00f3n entre las aerol\u00edneas y las agencias de viaje, as\u00ed como los desaf\u00edos a los que se enfrentan las agencias en un entorno cada vez m\u00e1s digitalizado. Aunque las agencias de viaje siguen desempe\u00f1ando un papel importante en la industria tur\u00edstica, es evidente que deben adaptarse a los cambios en el comportamiento del consumidor y a las estrategias comerciales de las aerol\u00edneas.<\/p>\n<p>En resumen, la disputa entre Atr\u00e1palo y Ryanair plantea importantes cuestiones sobre el futuro de las agencias de viaje en la era digital. A medida que la industria tur\u00edstica contin\u00faa evolucionando, es necesario reflexionar sobre el papel que desempe\u00f1an las agencias de viaje y encontrar maneras de colaborar con las aerol\u00edneas para ofrecer a los viajeros la mejor experiencia posible.<\/p>\n<p><em> &#8221; Sources www.tourinews.es &#8221; <\/em><\/p>\n<p><em> &#8221; Sources www.tourinews.es &#8221; <\/em><\/p>\n","protected":false},"excerpt":{"rendered":"<p>La pol\u00e9mica entre Atr\u00e1palo y Ryanair: \u00bfQu\u00e9 significa para las agencias de viaje? Recientemente, se ha desatado una pol\u00e9mica en el mundo de los viajes entre la aerol\u00ednea Ryanair y la agencia de viajes online Atr\u00e1palo. El conflicto gira en torno a la decisi\u00f3n de Ryanair de eliminar su asociaci\u00f3n con Atr\u00e1palo, lo que ha [&hellip;]<\/p>\n","protected":false},"author":4,"featured_media":715018,"comment_status":"open","ping_status":"closed","sticky":false,"template":"","format":"standard","meta":{"om_disable_all_campaigns":false,"jnews-multi-image_gallery":[],"jnews_single_post":[],"jnews_primary_category":[],"jnews_social_meta":[],"footnotes":""},"categories":[40],"tags":[136917,7972],"class_list":["post-715017","post","type-post","status-publish","format-standard","has-post-thumbnail","hentry","category-industria","tag-anti-agencias-de-viajes","tag-ryanair"],"_links":{"self":[{"href":"https:\/\/dimensionturistica.com\/es\/wp-json\/wp\/v2\/posts\/715017","targetHints":{"allow":["GET"]}}],"collection":[{"href":"https:\/\/dimensionturistica.com\/es\/wp-json\/wp\/v2\/posts"}],"about":[{"href":"https:\/\/dimensionturistica.com\/es\/wp-json\/wp\/v2\/types\/post"}],"author":[{"embeddable":true,"href":"https:\/\/dimensionturistica.com\/es\/wp-json\/wp\/v2\/users\/4"}],"replies":[{"embeddable":true,"href":"https:\/\/dimensionturistica.com\/es\/wp-json\/wp\/v2\/comments?post=715017"}],"version-history":[{"count":0,"href":"https:\/\/dimensionturistica.com\/es\/wp-json\/wp\/v2\/posts\/715017\/revisions"}],"wp:featuredmedia":[{"embeddable":true,"href":"https:\/\/dimensionturistica.com\/es\/wp-json\/wp\/v2\/media\/715018"}],"wp:attachment":[{"href":"https:\/\/dimensionturistica.com\/es\/wp-json\/wp\/v2\/media?parent=715017"}],"wp:term":[{"taxonomy":"category","embeddable":true,"href":"https:\/\/dimensionturistica.com\/es\/wp-json\/wp\/v2\/categories?post=715017"},{"taxonomy":"post_tag","embeddable":true,"href":"https:\/\/dimensionturistica.com\/es\/wp-json\/wp\/v2\/tags?post=715017"}],"curies":[{"name":"wp","href":"https:\/\/api.w.org\/{rel}","templated":true}]}}