{"id":714324,"date":"2024-01-25T16:13:33","date_gmt":"2024-01-25T16:13:33","guid":{"rendered":"https:\/\/dimensionturistica.com\/es\/?p=714324"},"modified":"2024-01-25T16:13:33","modified_gmt":"2024-01-25T16:13:33","slug":"queretaro-recibe-el-premio-excelencias-en-fitur-2024","status":"publish","type":"post","link":"https:\/\/dimensionturistica.com\/es\/queretaro-recibe-el-premio-excelencias-en-fitur-2024\/","title":{"rendered":"Quer\u00e9taro recibe el premio \u201cExcelencias\u201d en FITUR 2024"},"content":{"rendered":"<p>En el marco de la Feria Internacional de Turismo de Madrid (FITUR 2024), el estado de Quer\u00e9taro fue distinguido con el Premio Especial Excelencias \u201cRam\u00f3n \u00c1lvarez\u201d en la categor\u00eda de turismo de reuniones, que reconoce a lo mejor del sector de viajes y turismo a nivel global.<\/p>\n<p>La secretaria de Turismo del estado de Quer\u00e9taro, Adriana Vega V\u00e1zquez Mellado, en compa\u00f1\u00eda de Alfredo Espinosa Leal, Director del Quer\u00e9taro Centro de Congresos, recibi\u00f3 la distinci\u00f3n de manos de Jos\u00e9 Carlos de Santiago, Presidente de Grupo Excelencias, durante un evento celebrado en el Auditorio Sur de IFEMA, sede de la feria espa\u00f1ola, ante la presencia de representantes de diferentes sectores de la industria.<\/p>\n<p>Desde hace 27 a\u00f1os, Grupo Excelencias entrega los reconocimientos en diferentes categor\u00edas, que distinguen la calidad en el sector de viajes y turismo a nivel internacional.<\/p>\n<p>Quer\u00e9taro se ha ganado un sitio privilegiado dentro del denominado turismo MICE (reuniones, incentivos,<img decoding=\"async\" class=\" wp-image-714325 alignleft\" src=\"https:\/\/dimensionturistica.com\/es\/wp-content\/uploads\/2024\/01\/1QUERE-300x200.jpg\" alt=\"\" width=\"869\" height=\"579\" srcset=\"https:\/\/dimensionturistica.com\/es\/wp-content\/uploads\/2024\/01\/1QUERE-300x200.jpg 300w, https:\/\/dimensionturistica.com\/es\/wp-content\/uploads\/2024\/01\/1QUERE.jpg 600w\" sizes=\"(max-width: 869px) 100vw, 869px\" \/> congresos y convenciones), por ofrecer condiciones e instalaciones de primer nivel, como el Quer\u00e9taro Centro de Congresos, as\u00ed como su destacada hoteler\u00eda y productos y servicios relacionados con el segmento de turismo de negocios.<\/p>\n<p>Tambi\u00e9n se reconoci\u00f3 a los productores de quesos del estado de Quer\u00e9taro, por la calidad de sus productos. El premio fue recibido por Isabel Est\u00e9vez Denaives, representante de la Asociaci\u00f3n de Productores de Queso de Quer\u00e9taro. La Ruta del Queso y del Vino se ha convertido en uno de los principales productos tur\u00edsticos de la entidad y se ha ganado un lugar especial en el gusto de los visitantes nacionales y extranjeros.<\/p>\n<p>Cabe destacar que, durante la ceremonia oficial de entrega de los premios, destac\u00f3 la presencia de Lel\u00e9, la mu\u00f1eca que se ha convertido en embajadora del turismo y s\u00edmbolo internacional del estado de Quer\u00e9taro.<\/p>\n<p>Los Premios Excelencias tambi\u00e9n reconocieron a empresas y prestadores de servicios en temas de gastronom\u00eda de alta calidad, turismo wellness, el Museo Solar de Ecuador, a la Asociaci\u00f3n de Secretarios de Turismo de M\u00e9xico, as\u00ed como un reconocimiento especial para Rafael Ans\u00f3n Oliart, Presidente de la Academia Iberoamericana de Gastronom\u00eda, por su destacado aporte al sector, entre otros.<\/p>\n<p>La presencia de Quer\u00e9taro en la Feria Internacional de Turismo de Madrid (FITUR 2024), tiene como objetivo fortalecer la promoci\u00f3n tur\u00edstica de los principales atractivos que ofrece el estado para los viajeros internacionales y establecer alianzas estrat\u00e9gicas con actores internacionales para el desarrollo de acciones de sustentabilidad, competitividad. La feria se realiza del 24 al 28 de enero en la capital espa\u00f1ola.<img decoding=\"async\" class=\" wp-image-714326 alignleft\" src=\"https:\/\/dimensionturistica.com\/es\/wp-content\/uploads\/2024\/01\/2QUER-300x200.jpg\" alt=\"\" width=\"899\" height=\"599\" srcset=\"https:\/\/dimensionturistica.com\/es\/wp-content\/uploads\/2024\/01\/2QUER-300x200.jpg 300w, https:\/\/dimensionturistica.com\/es\/wp-content\/uploads\/2024\/01\/2QUER.jpg 600w\" sizes=\"(max-width: 899px) 100vw, 899px\" \/><\/p>\n<p>La feria es considerada uno de los principales foros a nivel global y es el punto de encuentro para los profesionales del turismo, toda vez que ofrece una ventana de oportunidad \u00fanica para el desarrollo de los negocios en la industria de viajes y turismo.<\/p>\n<p>Adriana Vega V\u00e1zquez Mellado, secretaria de Turismo del estado, ha concretado reuniones de trabajo con autoridades del sector, con tour operadores y mayoristas emisores de viajeros internacionales, socios comerciales estrat\u00e9gicos y representantes de aeroli\u0301neas internacionales.<\/p>\n<p>Como un reconocimiento al valioso legado cultural e hist\u00f3rico de la comida queretana, la Real Academia Iberoamericana de la Gastronom\u00eda distingui\u00f3 al estado de Quer\u00e9taro como Capital Iberoamericana de la Gastronom\u00eda de Encuentro en este 2024.<\/p>\n<p>La agenda de trabajo en Madrid incluye encuentros con directivos de la Organizaci\u00f3n Mundial del Turismo (OMT), el Consejo Mundial de Viajes y Turismo (WTTC), Grupo MITM Events, Conexstur, TagAirlines, Asicotur, CATAI Tours, Juli\u00e1 Tours, Travelzoo, Go Travel, Club Cinco Estrellas, Basque Culinary Center, entre otros.<\/p>\n","protected":false},"excerpt":{"rendered":"<p>En el marco de la Feria Internacional de Turismo de Madrid (FITUR 2024), el estado de Quer\u00e9taro fue distinguido con el Premio Especial Excelencias \u201cRam\u00f3n \u00c1lvarez\u201d en la categor\u00eda de turismo de reuniones, que reconoce a lo mejor del sector de viajes y turismo a nivel global. La secretaria de Turismo del estado de Quer\u00e9taro, [&hellip;]<\/p>\n","protected":false},"author":1,"featured_media":714327,"comment_status":"open","ping_status":"closed","sticky":false,"template":"","format":"standard","meta":{"om_disable_all_campaigns":false,"jnews-multi-image_gallery":[],"jnews_single_post":{"source_name":"","source_url":"","via_name":"","via_url":"","override_template":"0","override":[{"template":"1","single_blog_custom":"","parallax":"1","fullscreen":"1","layout":"right-sidebar","sidebar":"default-sidebar","second_sidebar":"default-sidebar","sticky_sidebar":"1","share_position":"top","share_float_style":"share-monocrhome","show_share_counter":"1","show_view_counter":"1","show_featured":"1","show_post_meta":"1","show_post_author":"1","show_post_author_image":"1","show_post_date":"1","post_date_format":"default","post_date_format_custom":"Y\/m\/d","show_post_category":"1","show_post_reading_time":"0","post_reading_time_wpm":"300","show_zoom_button":"0","zoom_button_out_step":"2","zoom_button_in_step":"3","show_post_tag":"1","show_prev_next_post":"1","show_popup_post":"1","number_popup_post":"1","show_author_box":"0","show_post_related":"0","show_inline_post_related":"0"}],"override_image_size":"0","image_override":[{"single_post_thumbnail_size":"crop-500","single_post_gallery_size":"crop-500"}],"trending_post":"0","trending_post_position":"meta","trending_post_label":"Trending","sponsored_post":"0","sponsored_post_label":"Sponsored by","sponsored_post_name":"","sponsored_post_url":"","sponsored_post_logo_enable":"0","sponsored_post_logo":"","sponsored_post_desc":"","disable_ad":"0"},"jnews_primary_category":{"id":"","hide":""},"jnews_social_meta":{"fb_title":"","fb_description":"","fb_image":"","twitter_title":"","twitter_description":"","twitter_image":""},"footnotes":""},"categories":[39],"tags":[],"class_list":["post-714324","post","type-post","status-publish","format-standard","has-post-thumbnail","hentry","category-viajes"],"_links":{"self":[{"href":"https:\/\/dimensionturistica.com\/es\/wp-json\/wp\/v2\/posts\/714324","targetHints":{"allow":["GET"]}}],"collection":[{"href":"https:\/\/dimensionturistica.com\/es\/wp-json\/wp\/v2\/posts"}],"about":[{"href":"https:\/\/dimensionturistica.com\/es\/wp-json\/wp\/v2\/types\/post"}],"author":[{"embeddable":true,"href":"https:\/\/dimensionturistica.com\/es\/wp-json\/wp\/v2\/users\/1"}],"replies":[{"embeddable":true,"href":"https:\/\/dimensionturistica.com\/es\/wp-json\/wp\/v2\/comments?post=714324"}],"version-history":[{"count":0,"href":"https:\/\/dimensionturistica.com\/es\/wp-json\/wp\/v2\/posts\/714324\/revisions"}],"wp:featuredmedia":[{"embeddable":true,"href":"https:\/\/dimensionturistica.com\/es\/wp-json\/wp\/v2\/media\/714327"}],"wp:attachment":[{"href":"https:\/\/dimensionturistica.com\/es\/wp-json\/wp\/v2\/media?parent=714324"}],"wp:term":[{"taxonomy":"category","embeddable":true,"href":"https:\/\/dimensionturistica.com\/es\/wp-json\/wp\/v2\/categories?post=714324"},{"taxonomy":"post_tag","embeddable":true,"href":"https:\/\/dimensionturistica.com\/es\/wp-json\/wp\/v2\/tags?post=714324"}],"curies":[{"name":"wp","href":"https:\/\/api.w.org\/{rel}","templated":true}]}}