{"id":707273,"date":"2024-01-15T21:21:22","date_gmt":"2024-01-15T21:21:22","guid":{"rendered":"https:\/\/dimensionturistica.com\/es\/?p=707273"},"modified":"2024-01-15T21:21:22","modified_gmt":"2024-01-15T21:21:22","slug":"cuba-potenciara-el-turismo-en-la-feria-de-madrid-fitur","status":"publish","type":"post","link":"https:\/\/dimensionturistica.com\/es\/cuba-potenciara-el-turismo-en-la-feria-de-madrid-fitur\/","title":{"rendered":"Cuba potenciar\u00e1 el turismo en la feria de Madrid, Fitur"},"content":{"rendered":"<p>Cuba impulsar\u00e1 su industria tur\u00edstica en FITUR de Madrid<\/p>\n<p>La industria tur\u00edstica en Cuba sigue siendo uno de los principales motores de la econom\u00eda del pa\u00eds caribe\u00f1o, y este a\u00f1o busca consolidarse a\u00fan m\u00e1s en el mercado internacional. Con ese objetivo en mente, representantes de Cuba estar\u00e1n presentes en la Feria Internacional de Turismo (FITUR) que se celebrar\u00e1 en la ciudad de Madrid.<\/p>\n<p>Durante este evento, que tendr\u00e1 lugar del 22 al 26 de enero, Cuba buscar\u00e1 promover sus encantos naturales, su rica cultura, su deliciosa gastronom\u00eda y su c\u00e1lida hospitalidad, con el fin de atraer a m\u00e1s turistas a la isla caribe\u00f1a. La participaci\u00f3n de Cuba en FITUR ser\u00e1 una excelente oportunidad para promocionar sus destinos tur\u00edsticos, como La Habana, Trinidad, Varadero, Vi\u00f1ales, entre otros, y mostrar al mundo todo lo que este hermoso pa\u00eds tiene para ofrecer.<\/p>\n<p>Cuba ha experimentado un notable crecimiento en el sector tur\u00edstico en los \u00faltimos a\u00f1os, y se espera que esta tendencia contin\u00fae en el futuro. Gracias a sus playas de aguas cristalinas, su rica historia y su vibrante cultura, Cuba se ha convertido en un destino muy atractivo para los viajeros de todo el mundo. Adem\u00e1s, la isla ofrece una amplia gama de opciones para todos los gustos, desde turismo de sol y playa, hasta turismo cultural, de naturaleza, de aventura y gastron\u00f3mico.<\/p>\n<p>No cabe duda de que FITUR ser\u00e1 una excelente plataforma para que Cuba muestre al mundo sus maravillas tur\u00edsticas y establezca nuevas alianzas comerciales que impulsen a\u00fan m\u00e1s su industria tur\u00edstica. No solo se trata de atraer m\u00e1s turistas a la isla, sino tambi\u00e9n de garantizarles una experiencia inolvidable que los motive a regresar una y otra vez.<\/p>\n<p>Si est\u00e1s buscando tu pr\u00f3ximo destino de vacaciones, no pierdas de vista lo que Cuba tiene para ofrecerte. No solo tendr\u00e1s la oportunidad de disfrutar de sus hermosas playas y su exquisita gastronom\u00eda, sino tambi\u00e9n de sumergirte en su fascinante historia y cultura. \u00a1Cuba te espera con los brazos abiertos!<\/p>\n<p><em> &#8221; Sources www.prensa-latina.cu &#8221; <\/em><\/p>\n<p><em> &#8221; Sources www.prensa-latina.cu &#8221; <\/em><\/p>\n","protected":false},"excerpt":{"rendered":"<p>Cuba impulsar\u00e1 su industria tur\u00edstica en FITUR de Madrid La industria tur\u00edstica en Cuba sigue siendo uno de los principales motores de la econom\u00eda del pa\u00eds caribe\u00f1o, y este a\u00f1o busca consolidarse a\u00fan m\u00e1s en el mercado internacional. Con ese objetivo en mente, representantes de Cuba estar\u00e1n presentes en la Feria Internacional de Turismo (FITUR) [&hellip;]<\/p>\n","protected":false},"author":4,"featured_media":707274,"comment_status":"open","ping_status":"closed","sticky":false,"template":"","format":"standard","meta":{"om_disable_all_campaigns":false,"jnews-multi-image_gallery":[],"jnews_single_post":[],"jnews_primary_category":[],"jnews_social_meta":[],"footnotes":""},"categories":[40],"tags":[956,715,770,4593,135858,1296,35201],"class_list":["post-707273","post","type-post","status-publish","format-standard","has-post-thumbnail","hentry","category-industria","tag-cuba","tag-economia","tag-espana","tag-fitur","tag-fitur-de-madrid","tag-industria-turistica","tag-nota-informativa"],"_links":{"self":[{"href":"https:\/\/dimensionturistica.com\/es\/wp-json\/wp\/v2\/posts\/707273","targetHints":{"allow":["GET"]}}],"collection":[{"href":"https:\/\/dimensionturistica.com\/es\/wp-json\/wp\/v2\/posts"}],"about":[{"href":"https:\/\/dimensionturistica.com\/es\/wp-json\/wp\/v2\/types\/post"}],"author":[{"embeddable":true,"href":"https:\/\/dimensionturistica.com\/es\/wp-json\/wp\/v2\/users\/4"}],"replies":[{"embeddable":true,"href":"https:\/\/dimensionturistica.com\/es\/wp-json\/wp\/v2\/comments?post=707273"}],"version-history":[{"count":0,"href":"https:\/\/dimensionturistica.com\/es\/wp-json\/wp\/v2\/posts\/707273\/revisions"}],"wp:featuredmedia":[{"embeddable":true,"href":"https:\/\/dimensionturistica.com\/es\/wp-json\/wp\/v2\/media\/707274"}],"wp:attachment":[{"href":"https:\/\/dimensionturistica.com\/es\/wp-json\/wp\/v2\/media?parent=707273"}],"wp:term":[{"taxonomy":"category","embeddable":true,"href":"https:\/\/dimensionturistica.com\/es\/wp-json\/wp\/v2\/categories?post=707273"},{"taxonomy":"post_tag","embeddable":true,"href":"https:\/\/dimensionturistica.com\/es\/wp-json\/wp\/v2\/tags?post=707273"}],"curies":[{"name":"wp","href":"https:\/\/api.w.org\/{rel}","templated":true}]}}