{"id":695585,"date":"2024-01-10T12:46:39","date_gmt":"2024-01-10T12:46:39","guid":{"rendered":"https:\/\/dimensionturistica.com\/es\/?p=695585"},"modified":"2024-01-10T12:46:39","modified_gmt":"2024-01-10T12:46:39","slug":"francia-insta-a-sus-ciudadanos-a-posponer-sus-viajes-a-ecuador-por-la-situacion-de-inseguridad","status":"publish","type":"post","link":"https:\/\/dimensionturistica.com\/es\/francia-insta-a-sus-ciudadanos-a-posponer-sus-viajes-a-ecuador-por-la-situacion-de-inseguridad\/","title":{"rendered":"Francia insta a sus ciudadanos a posponer sus viajes a Ecuador por la situaci\u00f3n de inseguridad"},"content":{"rendered":"<p>La situaci\u00f3n actual en Ecuador ha suscitado preocupaci\u00f3n en varios pa\u00edses, incluyendo Francia, que ha instado a sus ciudadanos a posponer sus viajes al pa\u00eds sudamericano debido a una ola de violencia que ha estallado en las \u00faltimas semanas. Esta recomendaci\u00f3n se produce en medio de protestas y disturbios que han generado un clima de inseguridad en diferentes zonas de Ecuador.<\/p>\n<p>Si bien Ecuador es conocido por su belleza natural, su rica historia y su cultura vibrante, los recientes acontecimientos han llevado a varios pa\u00edses a emitir alertas de viaje, aconsejando a sus ciudadanos a evitar ciertas regiones del pa\u00eds. La embajada de Francia en Quito ha hecho un llamado a la prudencia y ha recomendado a sus ciudadanos que posterguen sus planes de viaje a Ecuador hasta que la situaci\u00f3n se estabilice.<\/p>\n<p>Esta advertencia resalta la importancia de mantenerse informado sobre la situaci\u00f3n pol\u00edtica y social de un destino antes de emprender un viaje. Si bien es comprensible que muchos viajeros est\u00e9n ansiosos por explorar nuevos lugares, es crucial priorizar la seguridad personal y evitar exponerse a entornos potencialmente peligrosos.<\/p>\n<p>A pesar de la recomendaci\u00f3n de Francia, es importante recordar que Ecuador es un pa\u00eds diverso y cautivador, con una gran variedad de actividades y paisajes para explorar. Desde la impresionante belleza de las Islas Gal\u00e1pagos hasta la majestuosidad de la cordillera de los Andes, Ecuador ofrece una experiencia \u00fanica para los amantes de la naturaleza y la aventura.<\/p>\n<p>Si est\u00e1s planeando un viaje a Ecuador en un futuro cercano, te recomendamos mantenerte informado sobre la situaci\u00f3n actual a trav\u00e9s de fuentes confiables y oficiales. Adem\u00e1s, considera consultar con las autoridades locales y otros viajeros que hayan visitado el pa\u00eds recientemente para obtener informaci\u00f3n actualizada y consejos sobre c\u00f3mo mantenerse seguro durante tu visita.<\/p>\n<p>Aunque la recomendaci\u00f3n de Francia pueda generar incertidumbre entre los viajeros, es importante recordar que la situaci\u00f3n actual es temporal y que Ecuador seguir\u00e1 siendo un destino tur\u00edstico popular en el futuro. Mientras tanto, es fundamental seguir las recomendaciones de seguridad y esperar a que la situaci\u00f3n se calme antes de planificar tu viaje.<\/p>\n<p>En resumen, la alerta emitida por Francia para que sus ciudadanos aplacen sus viajes a Ecuador resalta la importancia de estar informado y priorizar la seguridad al momento de viajar. Si bien es decepcionante tener que posponer planes de viaje, es crucial recordar que la seguridad personal debe ser siempre la prioridad n\u00famero uno al explorar destinos internacionales.<\/p>\n<p><em> &#8221; Sources www.lapatilla.com &#8221; <\/em><\/p>\n<p><em> &#8221; Fuentes www.lapatilla.com &#8221; <\/em><\/p>\n","protected":false},"excerpt":{"rendered":"<p>La situaci\u00f3n actual en Ecuador ha suscitado preocupaci\u00f3n en varios pa\u00edses, incluyendo Francia, que ha instado a sus ciudadanos a posponer sus viajes al pa\u00eds sudamericano debido a una ola de violencia que ha estallado en las \u00faltimas semanas. Esta recomendaci\u00f3n se produce en medio de protestas y disturbios que han generado un clima de [&hellip;]<\/p>\n","protected":false},"author":4,"featured_media":695586,"comment_status":"open","ping_status":"closed","sticky":false,"template":"","format":"standard","meta":{"om_disable_all_campaigns":false,"jnews-multi-image_gallery":[],"jnews_single_post":[],"jnews_primary_category":[],"jnews_social_meta":[],"footnotes":""},"categories":[39],"tags":[2721,2143,3918,545,1755],"class_list":["post-695585","post","type-post","status-publish","format-standard","has-post-thumbnail","hentry","category-viajes","tag-ciudadanos","tag-ecuador","tag-francia","tag-viajes","tag-violencia"],"_links":{"self":[{"href":"https:\/\/dimensionturistica.com\/es\/wp-json\/wp\/v2\/posts\/695585","targetHints":{"allow":["GET"]}}],"collection":[{"href":"https:\/\/dimensionturistica.com\/es\/wp-json\/wp\/v2\/posts"}],"about":[{"href":"https:\/\/dimensionturistica.com\/es\/wp-json\/wp\/v2\/types\/post"}],"author":[{"embeddable":true,"href":"https:\/\/dimensionturistica.com\/es\/wp-json\/wp\/v2\/users\/4"}],"replies":[{"embeddable":true,"href":"https:\/\/dimensionturistica.com\/es\/wp-json\/wp\/v2\/comments?post=695585"}],"version-history":[{"count":0,"href":"https:\/\/dimensionturistica.com\/es\/wp-json\/wp\/v2\/posts\/695585\/revisions"}],"wp:featuredmedia":[{"embeddable":true,"href":"https:\/\/dimensionturistica.com\/es\/wp-json\/wp\/v2\/media\/695586"}],"wp:attachment":[{"href":"https:\/\/dimensionturistica.com\/es\/wp-json\/wp\/v2\/media?parent=695585"}],"wp:term":[{"taxonomy":"category","embeddable":true,"href":"https:\/\/dimensionturistica.com\/es\/wp-json\/wp\/v2\/categories?post=695585"},{"taxonomy":"post_tag","embeddable":true,"href":"https:\/\/dimensionturistica.com\/es\/wp-json\/wp\/v2\/tags?post=695585"}],"curies":[{"name":"wp","href":"https:\/\/api.w.org\/{rel}","templated":true}]}}