{"id":690109,"date":"2023-12-28T01:36:18","date_gmt":"2023-12-28T01:36:18","guid":{"rendered":"https:\/\/dimensionturistica.com\/es\/?p=690109"},"modified":"2024-02-20T22:19:08","modified_gmt":"2024-02-20T22:19:08","slug":"nuestras-amigas-fotografas-estan-de-suerte-con-la-oferta-en-la-impresora-portatil-perfecta-para-nuestros-viajes-en-2024","status":"publish","type":"post","link":"https:\/\/dimensionturistica.com\/es\/nuestras-amigas-fotografas-estan-de-suerte-con-la-oferta-en-la-impresora-portatil-perfecta-para-nuestros-viajes-en-2024\/","title":{"rendered":"Nuestras amigas fot\u00f3grafas est\u00e1n de suerte con la oferta en la impresora port\u00e1til perfecta para nuestros viajes en 2024"},"content":{"rendered":"<p>\u00bfEres un amante de la fotograf\u00eda? Si es as\u00ed, seguramente te emocionar\u00e1 saber que existe un nuevo gadget que har\u00e1 que tus viajes sean a\u00fan m\u00e1s inolvidables. Se trata de una impresora port\u00e1til, perfecta para llevar contigo a todas partes y poder imprimir tus fotograf\u00edas al instante.<\/p>\n<p>Imagina estar en un lugar incre\u00edble, capturar el momento perfecto y poder imprimir esa fotograf\u00eda en el momento para conservarla por siempre. Con esta impresora port\u00e1til, ahora es posible.<\/p>\n<p>Adem\u00e1s, esta impresora es perfecta para aquellos viajeros que les gusta llevarse recuerdos tangibles de sus aventuras. No importa si est\u00e1s en la playa, en la monta\u00f1a o en una ciudad, esta impresora port\u00e1til te permitir\u00e1 imprimir tus fotograf\u00edas en alta calidad y a todo color.<\/p>\n<p>Y lo mejor de todo es que actualmente est\u00e1 en rebaja, por lo que es el momento perfecto para adquirirla y llevar tu pasi\u00f3n por la fotograf\u00eda a un nuevo nivel en tus futuros viajes.<\/p>\n<p>Ya no tendr\u00e1s que depender de las impresoras de los establecimientos comerciales o de las inc\u00f3modas situaciones de tener que guardar todas tus fotograf\u00edas en tu dispositivo. Con esta impresora port\u00e1til, podr\u00e1s imprimir tus recuerdos al instante y crear tu propio \u00e1lbum de viajes personalizado.<\/p>\n<p>As\u00ed que si eres un amante de la fotograf\u00eda y de los viajes, esta impresora port\u00e1til es un accesorio que no puede faltar en tu equipaje. Aprovecha la rebaja y haz que tus futuros viajes sean a\u00fan m\u00e1s inolvidables gracias a esta innovadora herramienta. \u00a1No te arrepentir\u00e1s!<\/p>\n<p><em> &#8221; Sources www.trendencias.com &#8221; <\/em><\/p>\n<p><em> &#8221; Fuentes www.trendencias.com &#8221; <\/em><\/p>\n","protected":false},"excerpt":{"rendered":"<p>\u00bfEres un amante de la fotograf\u00eda? Si es as\u00ed, seguramente te emocionar\u00e1 saber que existe un nuevo gadget que har\u00e1 que tus viajes sean a\u00fan m\u00e1s inolvidables. Se trata de una impresora port\u00e1til, perfecta para llevar contigo a todas partes y poder imprimir tus fotograf\u00edas al instante. Imagina estar en un lugar incre\u00edble, capturar el [&hellip;]<\/p>\n","protected":false},"author":4,"featured_media":0,"comment_status":"open","ping_status":"closed","sticky":false,"template":"","format":"standard","meta":{"om_disable_all_campaigns":false,"jnews-multi-image_gallery":[],"jnews_single_post":[],"jnews_primary_category":[],"jnews_social_meta":[],"footnotes":""},"categories":[144872,39],"tags":[6495,6209,131911,545],"class_list":["post-690109","post","type-post","status-publish","format-standard","hentry","category-fashion","category-viajes","tag-6495","tag-fotografia","tag-impresora-portatil","tag-viajes"],"_links":{"self":[{"href":"https:\/\/dimensionturistica.com\/es\/wp-json\/wp\/v2\/posts\/690109","targetHints":{"allow":["GET"]}}],"collection":[{"href":"https:\/\/dimensionturistica.com\/es\/wp-json\/wp\/v2\/posts"}],"about":[{"href":"https:\/\/dimensionturistica.com\/es\/wp-json\/wp\/v2\/types\/post"}],"author":[{"embeddable":true,"href":"https:\/\/dimensionturistica.com\/es\/wp-json\/wp\/v2\/users\/4"}],"replies":[{"embeddable":true,"href":"https:\/\/dimensionturistica.com\/es\/wp-json\/wp\/v2\/comments?post=690109"}],"version-history":[{"count":0,"href":"https:\/\/dimensionturistica.com\/es\/wp-json\/wp\/v2\/posts\/690109\/revisions"}],"wp:attachment":[{"href":"https:\/\/dimensionturistica.com\/es\/wp-json\/wp\/v2\/media?parent=690109"}],"wp:term":[{"taxonomy":"category","embeddable":true,"href":"https:\/\/dimensionturistica.com\/es\/wp-json\/wp\/v2\/categories?post=690109"},{"taxonomy":"post_tag","embeddable":true,"href":"https:\/\/dimensionturistica.com\/es\/wp-json\/wp\/v2\/tags?post=690109"}],"curies":[{"name":"wp","href":"https:\/\/api.w.org\/{rel}","templated":true}]}}