{"id":689735,"date":"2023-12-27T18:33:05","date_gmt":"2023-12-27T18:33:05","guid":{"rendered":"https:\/\/dimensionturistica.com\/es\/?p=689735"},"modified":"2023-12-27T18:33:05","modified_gmt":"2023-12-27T18:33:05","slug":"el-centro-para-asuntos-rurales-organiza-taller-sobre-alimentos-locales-en-harlan-noticias","status":"publish","type":"post","link":"https:\/\/dimensionturistica.com\/es\/el-centro-para-asuntos-rurales-organiza-taller-sobre-alimentos-locales-en-harlan-noticias\/","title":{"rendered":"El Centro para Asuntos Rurales organiza taller sobre alimentos locales en Harlan | Noticias"},"content":{"rendered":"<p>Descubre la riqueza culinaria de la regi\u00f3n rural de Harlan <\/p>\n<p>Si eres un amante de la comida local y te apasiona conocer la cultura culinaria de cada lugar que visitas, entonces no te puedes perder el pr\u00f3ximo taller de alimentos locales que se llevar\u00e1 a cabo en Harlan, Iowa. <\/p>\n<p>El Centro para Asuntos Rurales est\u00e1 organizando un evento que promete sumergirte en la deliciosa variedad de productos locales que esta zona tiene para ofrecer. Desde frutas y verduras frescas hasta miel y carne de la mejor calidad, este taller te dar\u00e1 la oportunidad de explorar y degustar los sabores aut\u00e9nticos de la regi\u00f3n. <\/p>\n<p>Adem\u00e1s de la exquisita comida que podr\u00e1s probar, el taller tambi\u00e9n ofrecer\u00e1 la oportunidad de conectarte con los agricultores locales y conocer de primera mano el proceso de cultivo y producci\u00f3n de estos alimentos. La interacci\u00f3n directa con los productores te permitir\u00e1 apreciar el arduo trabajo que hay detr\u00e1s de cada producto y comprender el valor de apoyar la econom\u00eda local. <\/p>\n<p>No solo se trata de comer, sino de reconocer y valorar el esfuerzo que hay detr\u00e1s de cada bocado que disfrutamos. Al apoyar a los agricultores locales, contribuimos a preservar las tradiciones gastron\u00f3micas de la regi\u00f3n y a fomentar un sistema alimentario m\u00e1s sostenible y equitativo. <\/p>\n<p>Si buscas una experiencia aut\u00e9ntica y enriquecedora durante tu pr\u00f3xima visita a Harlan, no te pierdas este taller de alimentos locales. Despierta tus sentidos, saborea lo mejor de la regi\u00f3n y con\u00e9ctate con la comunidad a trav\u00e9s de su exquisita comida. \u00a1No te arrepentir\u00e1s!<\/p>\n<p><em> &#8221; Sources www.kmaland.com &#8221; <\/em><\/p>\n","protected":false},"excerpt":{"rendered":"<p>Descubre la riqueza culinaria de la regi\u00f3n rural de Harlan Si eres un amante de la comida local y te apasiona conocer la cultura culinaria de cada lugar que visitas, entonces no te puedes perder el pr\u00f3ximo taller de alimentos locales que se llevar\u00e1 a cabo en Harlan, Iowa. El Centro para Asuntos Rurales est\u00e1 [&hellip;]<\/p>\n","protected":false},"author":2,"featured_media":0,"comment_status":"open","ping_status":"closed","sticky":false,"template":"","format":"standard","meta":{"om_disable_all_campaigns":false,"jnews-multi-image_gallery":[],"jnews_single_post":[],"jnews_primary_category":[],"jnews_social_meta":[],"footnotes":""},"categories":[43],"tags":[114763,131805,131804,114762,229],"class_list":["post-689735","post","type-post","status-publish","format-standard","hentry","category-gourmet","tag-center-for-rural-affairs","tag-harlan","tag-local-foods-workshop","tag-local_news","tag-news"],"_links":{"self":[{"href":"https:\/\/dimensionturistica.com\/es\/wp-json\/wp\/v2\/posts\/689735","targetHints":{"allow":["GET"]}}],"collection":[{"href":"https:\/\/dimensionturistica.com\/es\/wp-json\/wp\/v2\/posts"}],"about":[{"href":"https:\/\/dimensionturistica.com\/es\/wp-json\/wp\/v2\/types\/post"}],"author":[{"embeddable":true,"href":"https:\/\/dimensionturistica.com\/es\/wp-json\/wp\/v2\/users\/2"}],"replies":[{"embeddable":true,"href":"https:\/\/dimensionturistica.com\/es\/wp-json\/wp\/v2\/comments?post=689735"}],"version-history":[{"count":0,"href":"https:\/\/dimensionturistica.com\/es\/wp-json\/wp\/v2\/posts\/689735\/revisions"}],"wp:attachment":[{"href":"https:\/\/dimensionturistica.com\/es\/wp-json\/wp\/v2\/media?parent=689735"}],"wp:term":[{"taxonomy":"category","embeddable":true,"href":"https:\/\/dimensionturistica.com\/es\/wp-json\/wp\/v2\/categories?post=689735"},{"taxonomy":"post_tag","embeddable":true,"href":"https:\/\/dimensionturistica.com\/es\/wp-json\/wp\/v2\/tags?post=689735"}],"curies":[{"name":"wp","href":"https:\/\/api.w.org\/{rel}","templated":true}]}}