{"id":689154,"date":"2023-12-27T00:35:05","date_gmt":"2023-12-27T00:35:05","guid":{"rendered":"https:\/\/dimensionturistica.com\/es\/?p=689154"},"modified":"2023-12-27T00:35:05","modified_gmt":"2023-12-27T00:35:05","slug":"neymar-hace-su-aparicion-en-rio-de-janeiro-y-se-prepara-para-su-travesia-en-barco","status":"publish","type":"post","link":"https:\/\/dimensionturistica.com\/es\/neymar-hace-su-aparicion-en-rio-de-janeiro-y-se-prepara-para-su-travesia-en-barco\/","title":{"rendered":"Neymar hace su aparici\u00f3n en R\u00edo de Janeiro y se prepara para su traves\u00eda en barco"},"content":{"rendered":"<p>El famoso jugador de f\u00fatbol Neymar Jr. ha demostrado una vez m\u00e1s que su esp\u00edritu optimista y su pasi\u00f3n por la vida no conocen l\u00edmites. A pesar de su reciente lesi\u00f3n y el uso de muletas, el astro brasile\u00f1o est\u00e1 listo para embarcarse en su famoso crucero, demostrando que nada puede detener su esp\u00edritu aventurero.<\/p>\n<p>El viaje de Neymar Jr. est\u00e1 programado para recorrer algunos de los destinos m\u00e1s exclusivos y ex\u00f3ticos del mundo, ofreciendo a sus amigos y seguidores la oportunidad de unirse a \u00e9l en esta incre\u00edble aventura. El crucero promete ser una experiencia \u00fanica, llena de lujo, diversi\u00f3n y, por supuesto, la presencia del propio Neymar Jr.<\/p>\n<p>Con paradas en destinos paradis\u00edacos como las Islas Maldivas, Ibiza y St. Tropez, los pasajeros del crucero tendr\u00e1n la oportunidad de disfrutar de playas de arena blanca, aguas cristalinas y una vida nocturna vibrante. Adem\u00e1s, se ha planeado una serie de actividades exclusivas, como fiestas tem\u00e1ticas, cenas de gala y eventos deportivos, que asegurar\u00e1n que el entretenimiento est\u00e9 al m\u00e1ximo en todo momento.<\/p>\n<p>Pero m\u00e1s all\u00e1 de la diversi\u00f3n y el lujo, este crucero es una oportunidad \u00fanica para los fan\u00e1ticos de Neymar Jr. de acercarse a \u00e9l de una manera \u00edntima e inolvidable. El jugador estar\u00e1 disponible para interactuar con los pasajeros, tomarse fotos y compartir momentos especiales, lo que sin duda har\u00e1 que esta experiencia sea inolvidable para todos los involucrados.<\/p>\n<p>Sin duda, el crucero de Neymar Jr. promete ser un viaje \u00fanico, lleno de emoci\u00f3n y exclusividad. Para aquellos que tengan la oportunidad de unirse a \u00e9l, ser\u00e1 una experiencia que nunca olvidar\u00e1n. Y para el resto de nosotros, seguiremos admirando la determinaci\u00f3n y el esp\u00edritu aventurero de este incre\u00edble deportista, que se niega a dejar que nada lo detenga en su b\u00fasqueda de nuevas y emocionantes experiencias.<\/p>\n<p><em> &#8221; Sources gol.caracoltv.com &#8221; <\/em><\/p>\n<p><em> &#8221; Fuentes gol.caracoltv.com &#8221; <\/em><\/p>\n","protected":false},"excerpt":{"rendered":"<p>El famoso jugador de f\u00fatbol Neymar Jr. ha demostrado una vez m\u00e1s que su esp\u00edritu optimista y su pasi\u00f3n por la vida no conocen l\u00edmites. A pesar de su reciente lesi\u00f3n y el uso de muletas, el astro brasile\u00f1o est\u00e1 listo para embarcarse en su famoso crucero, demostrando que nada puede detener su esp\u00edritu aventurero. [&hellip;]<\/p>\n","protected":false},"author":4,"featured_media":689155,"comment_status":"open","ping_status":"closed","sticky":false,"template":"","format":"standard","meta":{"om_disable_all_campaigns":false,"jnews-multi-image_gallery":[],"jnews_single_post":[],"jnews_primary_category":[],"jnews_social_meta":[],"footnotes":""},"categories":[41],"tags":[1280,11551,10386],"class_list":["post-689154","post","type-post","status-publish","format-standard","has-post-thumbnail","hentry","category-cruceros","tag-crucero","tag-neymar","tag-rio-de-janeiro"],"_links":{"self":[{"href":"https:\/\/dimensionturistica.com\/es\/wp-json\/wp\/v2\/posts\/689154","targetHints":{"allow":["GET"]}}],"collection":[{"href":"https:\/\/dimensionturistica.com\/es\/wp-json\/wp\/v2\/posts"}],"about":[{"href":"https:\/\/dimensionturistica.com\/es\/wp-json\/wp\/v2\/types\/post"}],"author":[{"embeddable":true,"href":"https:\/\/dimensionturistica.com\/es\/wp-json\/wp\/v2\/users\/4"}],"replies":[{"embeddable":true,"href":"https:\/\/dimensionturistica.com\/es\/wp-json\/wp\/v2\/comments?post=689154"}],"version-history":[{"count":0,"href":"https:\/\/dimensionturistica.com\/es\/wp-json\/wp\/v2\/posts\/689154\/revisions"}],"wp:featuredmedia":[{"embeddable":true,"href":"https:\/\/dimensionturistica.com\/es\/wp-json\/wp\/v2\/media\/689155"}],"wp:attachment":[{"href":"https:\/\/dimensionturistica.com\/es\/wp-json\/wp\/v2\/media?parent=689154"}],"wp:term":[{"taxonomy":"category","embeddable":true,"href":"https:\/\/dimensionturistica.com\/es\/wp-json\/wp\/v2\/categories?post=689154"},{"taxonomy":"post_tag","embeddable":true,"href":"https:\/\/dimensionturistica.com\/es\/wp-json\/wp\/v2\/tags?post=689154"}],"curies":[{"name":"wp","href":"https:\/\/api.w.org\/{rel}","templated":true}]}}