{"id":684582,"date":"2023-12-16T15:56:28","date_gmt":"2023-12-16T15:56:28","guid":{"rendered":"https:\/\/dimensionturistica.com\/es\/?p=684582"},"modified":"2023-12-16T15:56:28","modified_gmt":"2023-12-16T15:56:28","slug":"los-viajes-de-vacaciones-requieren-un-suplemento-para-disfrutar-del-menu-navideno","status":"publish","type":"post","link":"https:\/\/dimensionturistica.com\/es\/los-viajes-de-vacaciones-requieren-un-suplemento-para-disfrutar-del-menu-navideno\/","title":{"rendered":"Los viajes de vacaciones requieren un suplemento para disfrutar del men\u00fa navide\u00f1o"},"content":{"rendered":"<p>El IMSERSO y su propuesta de pago adicional para el men\u00fa de Navidad<\/p>\n<p>El Instituto de Mayores y Servicios Sociales (IMSERSO) ha propuesto un pago adicional para los viajeros de su programa de vacaciones para mayores en Espa\u00f1a. La raz\u00f3n de esta propuesta es que, debido a la crisis econ\u00f3mica causada por la pandemia del COVID-19, los precios de los men\u00fas de Navidad en los hoteles asociados al programa han aumentado considerablemente.<\/p>\n<p>El IMSERSO ofrece viajes subvencionados para personas mayores de 65 a\u00f1os, con el fin de promover el turismo y el ocio activo en este sector de la poblaci\u00f3n. Sin embargo, con la crisis econ\u00f3mica, muchos de los hoteles que participan en el programa han visto aumentados sus costos para la preparaci\u00f3n de los men\u00fas navide\u00f1os, lo que ha llevado al IMSERSO a plantear el pago de un suplemento para cubrir estos gastos adicionales.<\/p>\n<p>Esta propuesta ha generado diversas opiniones entre los viajeros del IMSERSO. Algunos consideran que el pago adicional es justo, ya que entienden que los hoteles tambi\u00e9n est\u00e1n pasando por dificultades econ\u00f3micas debido a la pandemia. Por otro lado, hay quienes consideran que el programa deber\u00eda cubrir estos costos adicionales sin necesidad de que los viajeros paguen un suplemento.<\/p>\n<p>Independientemente de la opini\u00f3n de cada persona, es importante tener en cuenta que el programa del IMSERSO es una gran oportunidad para que las personas mayores puedan disfrutar de unas vacaciones a precios asequibles, por lo que cualquier decisi\u00f3n que se tome debe buscar el equilibrio entre la sostenibilidad econ\u00f3mica del programa y el beneficio para los mayores que participan en \u00e9l.<\/p>\n<p>Esperamos que el IMSERSO pueda encontrar una soluci\u00f3n que beneficie a todas las partes involucradas y que permita a los viajeros disfrutar de una Navidad memorable sin que esto represente un peso econ\u00f3mico adicional significativo para ellos.<\/p>\n<p><em> &#8221; Sources noticiastrabajo.huffingtonpost.es &#8221; <\/em><\/p>\n<p><em> &#8221; Fuentes noticiastrabajo.huffingtonpost.es &#8221; <\/em><\/p>\n","protected":false},"excerpt":{"rendered":"<p>El IMSERSO y su propuesta de pago adicional para el men\u00fa de Navidad El Instituto de Mayores y Servicios Sociales (IMSERSO) ha propuesto un pago adicional para los viajeros de su programa de vacaciones para mayores en Espa\u00f1a. La raz\u00f3n de esta propuesta es que, debido a la crisis econ\u00f3mica causada por la pandemia del [&hellip;]<\/p>\n","protected":false},"author":4,"featured_media":684583,"comment_status":"open","ping_status":"closed","sticky":false,"template":"","format":"standard","meta":{"om_disable_all_campaigns":false,"jnews-multi-image_gallery":[],"jnews_single_post":[],"jnews_primary_category":[],"jnews_social_meta":[],"footnotes":""},"categories":[39],"tags":[813,129583,129582,545],"class_list":["post-684582","post","type-post","status-publish","format-standard","has-post-thumbnail","hentry","category-viajes","tag-imserso","tag-menu-de-navidad","tag-pago-adicional","tag-viajes"],"_links":{"self":[{"href":"https:\/\/dimensionturistica.com\/es\/wp-json\/wp\/v2\/posts\/684582","targetHints":{"allow":["GET"]}}],"collection":[{"href":"https:\/\/dimensionturistica.com\/es\/wp-json\/wp\/v2\/posts"}],"about":[{"href":"https:\/\/dimensionturistica.com\/es\/wp-json\/wp\/v2\/types\/post"}],"author":[{"embeddable":true,"href":"https:\/\/dimensionturistica.com\/es\/wp-json\/wp\/v2\/users\/4"}],"replies":[{"embeddable":true,"href":"https:\/\/dimensionturistica.com\/es\/wp-json\/wp\/v2\/comments?post=684582"}],"version-history":[{"count":0,"href":"https:\/\/dimensionturistica.com\/es\/wp-json\/wp\/v2\/posts\/684582\/revisions"}],"wp:featuredmedia":[{"embeddable":true,"href":"https:\/\/dimensionturistica.com\/es\/wp-json\/wp\/v2\/media\/684583"}],"wp:attachment":[{"href":"https:\/\/dimensionturistica.com\/es\/wp-json\/wp\/v2\/media?parent=684582"}],"wp:term":[{"taxonomy":"category","embeddable":true,"href":"https:\/\/dimensionturistica.com\/es\/wp-json\/wp\/v2\/categories?post=684582"},{"taxonomy":"post_tag","embeddable":true,"href":"https:\/\/dimensionturistica.com\/es\/wp-json\/wp\/v2\/tags?post=684582"}],"curies":[{"name":"wp","href":"https:\/\/api.w.org\/{rel}","templated":true}]}}