{"id":683928,"date":"2023-12-16T00:16:26","date_gmt":"2023-12-16T00:16:26","guid":{"rendered":"https:\/\/dimensionturistica.com\/es\/?p=683928"},"modified":"2023-12-16T00:16:26","modified_gmt":"2023-12-16T00:16:26","slug":"descubre-los-destinos-ideales-para-pasar-la-navidad-segun-tus-preferencias-climaticas","status":"publish","type":"post","link":"https:\/\/dimensionturistica.com\/es\/descubre-los-destinos-ideales-para-pasar-la-navidad-segun-tus-preferencias-climaticas\/","title":{"rendered":"Descubre los destinos ideales para pasar la Navidad seg\u00fan tus preferencias clim\u00e1ticas"},"content":{"rendered":"<p>Descubre los mejores destinos para viajar esta Navidad, ya sea que prefieras el fr\u00edo o el calor<\/p>\n<p>La Navidad est\u00e1 a la vuelta de la esquina y es el momento perfecto para planificar unas vacaciones inolvidables. Ya sea que prefieras escapar del fr\u00edo invernal o sumergirte en el ambiente c\u00e1lido y festivo, existen destinos incre\u00edbles que te est\u00e1n esperando. Afortunadamente, la reconocida viajera Mercedes Mart\u00edn nos ha compartido sus recomendaciones para disfrutar al m\u00e1ximo de esta temporada.<\/p>\n<p>Si eres de los que prefieren el fr\u00edo, no puedes perderte los encantadores destinos de Europa como Praga, Viena o Colmar. Estas ciudades te ofrecen la magia de la Navidad con sus mercados, calles decoradas y deliciosos platillos tradicionales. Adem\u00e1s, en esta \u00e9poca del a\u00f1o podr\u00e1s disfrutar de la hermosa decoraci\u00f3n invernal que les da un ambiente a\u00fan m\u00e1s m\u00e1gico.<\/p>\n<p>Ahora, si eres amante del calor y prefieres escapar del fr\u00edo durante tus vacaciones navide\u00f1as, Mercedes Mart\u00edn recomienda destinos como Tailandia, Costa Rica o Australia. Estas opciones te permitir\u00e1n disfrutar de playas ex\u00f3ticas, paisajes tropicales y una amplia oferta de actividades al aire libre. En estos destinos, podr\u00e1s relajarte bajo el sol y disfrutar de unas vacaciones diferentes a las tradicionales festividades invernales.<\/p>\n<p>Adem\u00e1s, Mart\u00edn nos recuerda que la Navidad es una \u00e9poca especial para disfrutar en familia, por lo que destinos como Nueva York, Par\u00eds o Londres son ideales para quienes buscan la combinaci\u00f3n perfecta de festividades navide\u00f1as y una gran variedad de actividades culturales y de entretenimiento.<\/p>\n<p>Independientemente de tus preferencias, la clave para unas vacaciones exitosas es planificar con anticipaci\u00f3n. Toma en cuenta el clima, la oferta cultural, la gastronom\u00eda local y las actividades que te gustar\u00eda realizar durante tu viaje.<\/p>\n<p>En resumen, la Navidad es un momento perfecto para viajar y disfrutar de nuevas experiencias. Ya sea que prefieras el fr\u00edo invernal o el c\u00e1lido verano, hay destinos para todos los gustos. As\u00ed que no lo pienses m\u00e1s y comienza a planificar tu escapada navide\u00f1a a alguno de estos incre\u00edbles destinos recomendados por Mercedes Mart\u00edn. \u00a1No te arrepentir\u00e1s!<\/p>\n<p><em> &#8221; Sources amp.antena3.com &#8221; <\/em><\/p>\n<p><em> &#8221; Fuentes amp.antena3.com &#8221; <\/em><\/p>\n","protected":false},"excerpt":{"rendered":"<p>Descubre los mejores destinos para viajar esta Navidad, ya sea que prefieras el fr\u00edo o el calor La Navidad est\u00e1 a la vuelta de la esquina y es el momento perfecto para planificar unas vacaciones inolvidables. Ya sea que prefieras escapar del fr\u00edo invernal o sumergirte en el ambiente c\u00e1lido y festivo, existen destinos incre\u00edbles [&hellip;]<\/p>\n","protected":false},"author":4,"featured_media":683929,"comment_status":"open","ping_status":"closed","sticky":false,"template":"","format":"standard","meta":{"om_disable_all_campaigns":false,"jnews-multi-image_gallery":[],"jnews_single_post":[],"jnews_primary_category":[],"jnews_social_meta":[],"footnotes":""},"categories":[39],"tags":[1551,548,9255,1563,681],"class_list":["post-683928","post","type-post","status-publish","format-standard","has-post-thumbnail","hentry","category-viajes","tag-calor","tag-destino","tag-frio","tag-navidad","tag-viaje"],"_links":{"self":[{"href":"https:\/\/dimensionturistica.com\/es\/wp-json\/wp\/v2\/posts\/683928","targetHints":{"allow":["GET"]}}],"collection":[{"href":"https:\/\/dimensionturistica.com\/es\/wp-json\/wp\/v2\/posts"}],"about":[{"href":"https:\/\/dimensionturistica.com\/es\/wp-json\/wp\/v2\/types\/post"}],"author":[{"embeddable":true,"href":"https:\/\/dimensionturistica.com\/es\/wp-json\/wp\/v2\/users\/4"}],"replies":[{"embeddable":true,"href":"https:\/\/dimensionturistica.com\/es\/wp-json\/wp\/v2\/comments?post=683928"}],"version-history":[{"count":0,"href":"https:\/\/dimensionturistica.com\/es\/wp-json\/wp\/v2\/posts\/683928\/revisions"}],"wp:featuredmedia":[{"embeddable":true,"href":"https:\/\/dimensionturistica.com\/es\/wp-json\/wp\/v2\/media\/683929"}],"wp:attachment":[{"href":"https:\/\/dimensionturistica.com\/es\/wp-json\/wp\/v2\/media?parent=683928"}],"wp:term":[{"taxonomy":"category","embeddable":true,"href":"https:\/\/dimensionturistica.com\/es\/wp-json\/wp\/v2\/categories?post=683928"},{"taxonomy":"post_tag","embeddable":true,"href":"https:\/\/dimensionturistica.com\/es\/wp-json\/wp\/v2\/tags?post=683928"}],"curies":[{"name":"wp","href":"https:\/\/api.w.org\/{rel}","templated":true}]}}