{"id":683572,"date":"2023-12-15T19:37:54","date_gmt":"2023-12-15T19:37:54","guid":{"rendered":"https:\/\/dimensionturistica.com\/es\/?p=683572"},"modified":"2024-02-20T22:19:25","modified_gmt":"2024-02-20T22:19:25","slug":"el-festival-tropifashion-celebra-su-cuarta-edicion-en-ixtapa-zihuatanejo-el-proximo-sabado-13-de-enero-de-2024","status":"publish","type":"post","link":"https:\/\/dimensionturistica.com\/es\/el-festival-tropifashion-celebra-su-cuarta-edicion-en-ixtapa-zihuatanejo-el-proximo-sabado-13-de-enero-de-2024\/","title":{"rendered":"El festival Tropifashion celebra su cuarta edici\u00f3n en Ixtapa, Zihuatanejo el pr\u00f3ximo s\u00e1bado 13 de enero de 2024."},"content":{"rendered":"<p>El lunes 04 de diciembre 2023 se llev\u00f3 a cabo la rueda de prensa en el ic\u00f3nico Museo del Coco, ubicado en el encantador Coacoyul, Guerrero, para anunciar El Festival Tropifashion que celebra su cuarta edici\u00f3n en Ixtapa Zihuatanejo, un viaje hacia la moda sostenible y un evento l\u00edder en moda y dise\u00f1o sustentable.<\/p>\n<p>Esta vibrante celebraci\u00f3n tendr\u00e1 lugar el pr\u00f3ximo s\u00e1bado 13 de enero de 2024, en el impresionante Museo del Coco con la participaci\u00f3n de marcas locales y de otras ciudades como Pacdesigns de Hermosillo, Hijos del Ma\u00edz de Quer\u00e9taro, Vidamia.mx de Ciudad de M\u00e9xico y muchas m\u00e1s.<img decoding=\"async\" class=\" wp-image-683576 alignleft\" src=\"https:\/\/dimensionturistica.com\/es\/wp-content\/uploads\/2023\/12\/3IXTAPA-300x200.jpg\" alt=\"\" width=\"828\" height=\"552\" srcset=\"https:\/\/dimensionturistica.com\/es\/wp-content\/uploads\/2023\/12\/3IXTAPA-300x200.jpg 300w, https:\/\/dimensionturistica.com\/es\/wp-content\/uploads\/2023\/12\/3IXTAPA.jpg 600w\" sizes=\"(max-width: 828px) 100vw, 828px\" \/><\/p>\n<p>La esperada pasarela presentar\u00e1 en esta edici\u00f3n dise\u00f1os locales y nacionales inspirados en la sostenibilidad. Los asistentes podr\u00e1n admirar las \u00faltimas tendencias en moda consciente, mientras se maravillan con la creatividad y la originalidad de los talentosos dise\u00f1adores participantes.<\/p>\n<p>El Director Ejecutivo de la Oficina de Convenciones y Visitantes de Ixtapa Zihuatanejo, Pedro Castel\u00e1n Reyna, se mostr\u00f3 entusiasmado con este gran evento y se\u00f1al\u00f3: \u201csiempre es un gusto sumar con este tipo de iniciativas y el regreso del Festival Tropifashion, sin duda combina el talento local y la participaci\u00f3n de los empresarios de Ixtapa Zihuatanejo que le est\u00e1n apostando a la moda sostenible a nivel local en conjunto con reconocidas marcas nacionales es un gran acierto para el destino y para nuestros turistas que podr\u00e1n encontrar una gran<img decoding=\"async\" class=\" wp-image-683580 alignleft\" src=\"https:\/\/dimensionturistica.com\/es\/wp-content\/uploads\/2023\/12\/5IXTAPA-300x270.jpg\" alt=\"\" width=\"819\" height=\"737\" srcset=\"https:\/\/dimensionturistica.com\/es\/wp-content\/uploads\/2023\/12\/5IXTAPA-300x270.jpg 300w, https:\/\/dimensionturistica.com\/es\/wp-content\/uploads\/2023\/12\/5IXTAPA.jpg 600w\" sizes=\"(max-width: 819px) 100vw, 819px\" \/> diversidad de actividades y eventos que pueden experimentar en su visita a Ixtapa Zihuatanejo. Que mejor manera de arrancar el a\u00f1o que hacerlo con la promoci\u00f3n de la cultura y gastronom\u00eda local, los escenarios \u00fanicos y naturales que ofrece el Museo del Coco. Tropifashion ser\u00e1 un referente para los turistas nacionales e internacionales y as\u00ed poder diversificar la oferta de los eventos que ofrece nuestro doble para\u00edso\u201d.<\/p>\n<p>La Directora General del Festival Tropifashion, Zayury Jim\u00e9nez Torres, coment\u00f3 \u201ceste festival es una celebraci\u00f3n de nuestra comunidad y sus tradiciones unidas en una sola fiesta al lado de nuestros visitantes. La moda, gastronom\u00eda y nuestras bebidas artesanales son un punto de enfoque, complementado con la m\u00fasica de talentos locales y nacionales. El festival gira alrededor de una pasarela de modas con marcas nacionales como Vida M\u00eda, Pacdesigns y los Hijos del Ma\u00edz, al igual que otros talentos locales como Cultura Tropical, Yandala y el talentoso Julio Palacios. Es una fiesta que no te quieres perder, en un lugar ic\u00f3nico como lo es el Museo del Coco\u201d.<img decoding=\"async\" class=\" wp-image-683581 alignleft\" src=\"https:\/\/dimensionturistica.com\/es\/wp-content\/uploads\/2023\/12\/7IXTAPA-300x259.jpg\" alt=\"\" width=\"907\" height=\"783\" srcset=\"https:\/\/dimensionturistica.com\/es\/wp-content\/uploads\/2023\/12\/7IXTAPA-300x259.jpg 300w, https:\/\/dimensionturistica.com\/es\/wp-content\/uploads\/2023\/12\/7IXTAPA.jpg 600w\" sizes=\"(max-width: 907px) 100vw, 907px\" \/><\/p>\n<p>Desde su inicio, el Festival Tropifashion se ha consolidado como una plataforma para la moda lenta y sostenible apoyando al comercio local y nacional. Esta edici\u00f3n del festival contar\u00e1 con un emocionante bazar de ropa y accesorios, donde se exhibir\u00e1n productos fabricados con materiales org\u00e1nicos y reciclados, los asistentes tendr\u00e1n la oportunidad de explorar y adquirir creaciones \u00fanicas y eco-amigables, apoyando as\u00ed un consumo consciente y responsable.<img decoding=\"async\" class=\" wp-image-683585 alignleft\" src=\"https:\/\/dimensionturistica.com\/es\/wp-content\/uploads\/2023\/12\/4IXTAPA-JPG-300x200.jpg\" alt=\"\" width=\"773\" height=\"515\" srcset=\"https:\/\/dimensionturistica.com\/es\/wp-content\/uploads\/2023\/12\/4IXTAPA-JPG-300x200.jpg 300w, https:\/\/dimensionturistica.com\/es\/wp-content\/uploads\/2023\/12\/4IXTAPA-JPG.jpg 600w\" sizes=\"(max-width: 773px) 100vw, 773px\" \/><\/p>\n<p>Adem\u00e1s del bazar, el festival ofrecer\u00e1 una amplia gama de experiencias, los visitantes podr\u00e1n disfrutar de una variedad de delicias culinarias y bebidas, que reflejan la sostenibilidad en su origen y producci\u00f3n. La gastronom\u00eda local contar\u00e1 con la participaci\u00f3n de la CANIRAC Ixtapa Zihuatanejo y los productos artesanales estar\u00e1n en el centro de esta experiencia, creando un ambiente festivo y aut\u00e9ntico.<\/p>\n<p>La m\u00fasica en vivo tambi\u00e9n ocupar\u00e1 un lugar central en el festival, con la participaci\u00f3n de bandas locales y reconocidos Dj\u2019s internacionales. El ambiente estar\u00e1 impregnado de energ\u00eda y ritmo, creando una atm\u00f3sfera festiva y \u00fanica. La belleza natural de Ixtapa Zihuatanejo, una ciudad costera, combinada con su rica cultura y su comunidad creativa, ofrece el escenario perfecto para este evento \u00fanico.<\/p>\n","protected":false},"excerpt":{"rendered":"<p>El lunes 04 de diciembre 2023 se llev\u00f3 a cabo la rueda de prensa en el ic\u00f3nico Museo del Coco, ubicado en el encantador Coacoyul, Guerrero, para anunciar El Festival Tropifashion que celebra su cuarta edici\u00f3n en Ixtapa Zihuatanejo, un viaje hacia la moda sostenible y un evento l\u00edder en moda y dise\u00f1o sustentable. Esta [&hellip;]<\/p>\n","protected":false},"author":1,"featured_media":683586,"comment_status":"open","ping_status":"closed","sticky":false,"template":"","format":"standard","meta":{"om_disable_all_campaigns":false,"jnews-multi-image_gallery":[],"jnews_single_post":{"source_name":"","source_url":"","via_name":"","via_url":"","override_template":"0","override":[{"template":"1","single_blog_custom":"","parallax":"1","fullscreen":"1","layout":"right-sidebar","sidebar":"default-sidebar","second_sidebar":"default-sidebar","sticky_sidebar":"1","share_position":"top","share_float_style":"share-monocrhome","show_share_counter":"1","show_view_counter":"1","show_featured":"1","show_post_meta":"1","show_post_author":"1","show_post_author_image":"1","show_post_date":"1","post_date_format":"default","post_date_format_custom":"Y\/m\/d","show_post_category":"1","show_post_reading_time":"0","post_reading_time_wpm":"300","show_zoom_button":"0","zoom_button_out_step":"2","zoom_button_in_step":"3","show_post_tag":"1","show_prev_next_post":"1","show_popup_post":"1","number_popup_post":"1","show_author_box":"0","show_post_related":"0","show_inline_post_related":"0"}],"override_image_size":"0","image_override":[{"single_post_thumbnail_size":"crop-500","single_post_gallery_size":"crop-500"}],"trending_post":"0","trending_post_position":"meta","trending_post_label":"Trending","sponsored_post":"0","sponsored_post_label":"Sponsored by","sponsored_post_name":"","sponsored_post_url":"","sponsored_post_logo_enable":"0","sponsored_post_logo":"","sponsored_post_desc":"","disable_ad":"0"},"jnews_primary_category":{"id":"","hide":""},"jnews_social_meta":{"fb_title":"","fb_description":"","fb_image":"","twitter_title":"","twitter_description":"","twitter_image":""},"footnotes":""},"categories":[144872,39],"tags":[],"class_list":["post-683572","post","type-post","status-publish","format-standard","has-post-thumbnail","hentry","category-fashion","category-viajes"],"_links":{"self":[{"href":"https:\/\/dimensionturistica.com\/es\/wp-json\/wp\/v2\/posts\/683572","targetHints":{"allow":["GET"]}}],"collection":[{"href":"https:\/\/dimensionturistica.com\/es\/wp-json\/wp\/v2\/posts"}],"about":[{"href":"https:\/\/dimensionturistica.com\/es\/wp-json\/wp\/v2\/types\/post"}],"author":[{"embeddable":true,"href":"https:\/\/dimensionturistica.com\/es\/wp-json\/wp\/v2\/users\/1"}],"replies":[{"embeddable":true,"href":"https:\/\/dimensionturistica.com\/es\/wp-json\/wp\/v2\/comments?post=683572"}],"version-history":[{"count":0,"href":"https:\/\/dimensionturistica.com\/es\/wp-json\/wp\/v2\/posts\/683572\/revisions"}],"wp:featuredmedia":[{"embeddable":true,"href":"https:\/\/dimensionturistica.com\/es\/wp-json\/wp\/v2\/media\/683586"}],"wp:attachment":[{"href":"https:\/\/dimensionturistica.com\/es\/wp-json\/wp\/v2\/media?parent=683572"}],"wp:term":[{"taxonomy":"category","embeddable":true,"href":"https:\/\/dimensionturistica.com\/es\/wp-json\/wp\/v2\/categories?post=683572"},{"taxonomy":"post_tag","embeddable":true,"href":"https:\/\/dimensionturistica.com\/es\/wp-json\/wp\/v2\/tags?post=683572"}],"curies":[{"name":"wp","href":"https:\/\/api.w.org\/{rel}","templated":true}]}}