{"id":683146,"date":"2023-12-15T13:38:52","date_gmt":"2023-12-15T13:38:52","guid":{"rendered":"https:\/\/dimensionturistica.com\/es\/?p=683146"},"modified":"2023-12-15T13:38:52","modified_gmt":"2023-12-15T13:38:52","slug":"el-plan-de-accion-turistica-de-sumar-reduccion-de-cruceros-y-vuelos-regionales-y-cierre-de-comercios-dominicales","status":"publish","type":"post","link":"https:\/\/dimensionturistica.com\/es\/el-plan-de-accion-turistica-de-sumar-reduccion-de-cruceros-y-vuelos-regionales-y-cierre-de-comercios-dominicales\/","title":{"rendered":"El plan de acci\u00f3n tur\u00edstica de Sumar: reducci\u00f3n de cruceros y vuelos regionales, y cierre de comercios dominicales"},"content":{"rendered":"<p>El turismo se ha convertido en una de las industrias m\u00e1s importantes a nivel global, generando empleo, fomentando la econom\u00eda y enriqueciendo la cultura de los destinos que visita. Sin embargo, en los \u00faltimos a\u00f1os, se ha vuelto evidente la necesidad de repensar la forma en que viajamos y su impacto en el medio ambiente y las comunidades locales. Ante esta situaci\u00f3n, la organizaci\u00f3n SUMAR ha lanzado un pacto de estado tur\u00edstico que busca reducir la huella ecol\u00f3gica de esta actividad sin renunciar a su disfrute.<\/p>\n<p>Una de las medidas m\u00e1s llamativas de este pacto es la reducci\u00f3n de los cruceros y vuelos cortos, con el objetivo de disminuir las emisiones de carbono relacionadas con el transporte tur\u00edstico. Esta propuesta invita a los viajeros a contemplar alternativas m\u00e1s sostenibles, como el transporte terrestre o el turismo local, que no solo reducen el impacto ambiental, sino que tambi\u00e9n ofrecen una experiencia m\u00e1s aut\u00e9ntica y enriquecedora.<\/p>\n<p>Otro punto destacado de este pacto es el cierre de comercios en domingo, una medida que busca fomentar el descanso de los trabajadores del sector tur\u00edstico y promover un turismo m\u00e1s consciente y pausado. Esta iniciativa impulsa la reflexi\u00f3n sobre la importancia de priorizar el bienestar de las personas que hacen posible la experiencia tur\u00edstica, as\u00ed como el respeto a las costumbres y horarios locales.<\/p>\n<p>Estas propuestas buscan generar un impacto positivo en la industria tur\u00edstica, promoviendo un modelo m\u00e1s sostenible, \u00e9tico y equitativo. Con este pacto, SUMAR invita a replantear la forma en que concebimos el turismo, desafiando al viajero a ser m\u00e1s consciente de sus decisiones y su impacto en el medio ambiente y las comunidades que visita.<\/p>\n<p>En un mundo en constante cambio, es alentador ver iniciativas como esta que buscan transformar la industria tur\u00edstica hacia un modelo m\u00e1s respetuoso y responsable. Como viajeros, es nuestra responsabilidad apoyar estas propuestas y elegir opciones que promuevan un turismo sostenible y socialmente responsable. Al hacerlo, no solo contribuimos a la protecci\u00f3n del planeta, sino que tambi\u00e9n enriquecemos nuestras experiencias de viaje y fortalecemos los lazos con las comunidades locales.<\/p>\n<p><em> &#8221; Sources cincodias.elpais.com &#8221; <\/em><\/p>\n<p><em> &#8221; Fuentes cincodias.elpais.com &#8221; <\/em><\/p>\n","protected":false},"excerpt":{"rendered":"<p>El turismo se ha convertido en una de las industrias m\u00e1s importantes a nivel global, generando empleo, fomentando la econom\u00eda y enriqueciendo la cultura de los destinos que visita. Sin embargo, en los \u00faltimos a\u00f1os, se ha vuelto evidente la necesidad de repensar la forma en que viajamos y su impacto en el medio ambiente [&hellip;]<\/p>\n","protected":false},"author":4,"featured_media":683147,"comment_status":"open","ping_status":"closed","sticky":false,"template":"","format":"standard","meta":{"om_disable_all_campaigns":false,"jnews-multi-image_gallery":[],"jnews_single_post":[],"jnews_primary_category":[],"jnews_social_meta":[],"footnotes":""},"categories":[41],"tags":[3464,543,662,3416,715,6927,24930,129014,27310,544,10288,1166,109391],"class_list":["post-683146","post","type-post","status-publish","format-standard","has-post-thumbnail","hentry","category-cruceros","tag-comercios","tag-cruceros","tag-cultura","tag-domingo","tag-economia","tag-economia-internacional","tag-economia-nacional","tag-pacto-de-estado","tag-sumar","tag-turismo","tag-visados","tag-vuelo","tag-vuelos-cortos"],"_links":{"self":[{"href":"https:\/\/dimensionturistica.com\/es\/wp-json\/wp\/v2\/posts\/683146","targetHints":{"allow":["GET"]}}],"collection":[{"href":"https:\/\/dimensionturistica.com\/es\/wp-json\/wp\/v2\/posts"}],"about":[{"href":"https:\/\/dimensionturistica.com\/es\/wp-json\/wp\/v2\/types\/post"}],"author":[{"embeddable":true,"href":"https:\/\/dimensionturistica.com\/es\/wp-json\/wp\/v2\/users\/4"}],"replies":[{"embeddable":true,"href":"https:\/\/dimensionturistica.com\/es\/wp-json\/wp\/v2\/comments?post=683146"}],"version-history":[{"count":0,"href":"https:\/\/dimensionturistica.com\/es\/wp-json\/wp\/v2\/posts\/683146\/revisions"}],"wp:featuredmedia":[{"embeddable":true,"href":"https:\/\/dimensionturistica.com\/es\/wp-json\/wp\/v2\/media\/683147"}],"wp:attachment":[{"href":"https:\/\/dimensionturistica.com\/es\/wp-json\/wp\/v2\/media?parent=683146"}],"wp:term":[{"taxonomy":"category","embeddable":true,"href":"https:\/\/dimensionturistica.com\/es\/wp-json\/wp\/v2\/categories?post=683146"},{"taxonomy":"post_tag","embeddable":true,"href":"https:\/\/dimensionturistica.com\/es\/wp-json\/wp\/v2\/tags?post=683146"}],"curies":[{"name":"wp","href":"https:\/\/api.w.org\/{rel}","templated":true}]}}