{"id":681415,"date":"2023-12-06T02:01:01","date_gmt":"2023-12-06T02:01:01","guid":{"rendered":"https:\/\/dimensionturistica.com\/es\/?p=681415"},"modified":"2023-12-06T02:01:01","modified_gmt":"2023-12-06T02:01:01","slug":"chris-billam-smith-se-enfrentara-a-mateusz-masternak-informacion-sobre-la-fecha-hora-y-forma-de-ver-la-pelea-por-television-y-en-linea","status":"publish","type":"post","link":"https:\/\/dimensionturistica.com\/es\/chris-billam-smith-se-enfrentara-a-mateusz-masternak-informacion-sobre-la-fecha-hora-y-forma-de-ver-la-pelea-por-television-y-en-linea\/","title":{"rendered":"Chris Billam-Smith se enfrentar\u00e1 a Mateusz Masternak: informaci\u00f3n sobre la fecha, hora y forma de ver la pelea por televisi\u00f3n y en l\u00ednea"},"content":{"rendered":"<p>El emocionante mundo del boxeo regresa con una cartelera que promete dejar a los aficionados al borde de sus asientos. Chris Billam-Smith se enfrentar\u00e1 a Mateusz Masternak en lo que promete ser una noche llena de acci\u00f3n y emoci\u00f3n. Si eres un amante del deporte, este evento es una oportunidad que no querr\u00e1s perderte.<\/p>\n<p>El combate entre Billam-Smith y Masternak se llevar\u00e1 a cabo en una fecha y hora que prometen convertirse en un hito para los fan\u00e1ticos de este deporte. Ser\u00e1 un encuentro que mantendr\u00e1 a la audiencia pendiente en todo momento, con dos peleadores dispuestos a dejarlo todo en el ring.<\/p>\n<p>La cartelera cuenta con una serie de peleas que complementar\u00e1n el evento principal, ofreciendo a los espectadores una noche repleta de acci\u00f3n y entretenimiento. Sin duda, habr\u00e1 emociones a raudales y momentos que quedar\u00e1n grabados en la memoria de todos los asistentes.<\/p>\n<p>Para aquellos que prefieran disfrutar del evento desde la comodidad de su hogar, tambi\u00e9n ser\u00e1 posible verlo a trav\u00e9s de la televisi\u00f3n o a trav\u00e9s de plataformas de streaming. As\u00ed que no hay excusa para perderse esta espectacular velada llena de adrenalina y pasi\u00f3n por el boxeo.<\/p>\n<p>Si eres un viajero empedernido, \u00bfpor qu\u00e9 no considerar asistir en persona a este evento? No solo podr\u00e1s disfrutar de una noche inolvidable de boxeo, sino que tambi\u00e9n tendr\u00e1s la oportunidad de explorar el destino donde se llevar\u00e1 a cabo la cartelera. Una experiencia completa para los amantes del turismo y el deporte.<\/p>\n<p>En resumen, el enfrentamiento entre Chris Billam-Smith y Mateusz Masternak promete ser un evento inolvidable que cautivar\u00e1 a los aficionados al boxeo. Ya sea que decidas asistir en persona o seguirlo desde la pantalla de tu televisor, esta es una oportunidad que no puedes dejar pasar. Prep\u00e1rate para una noche llena de emoci\u00f3n, drama y momentos \u00e9picos que quedar\u00e1n grabados en la historia del boxeo.<\/p>\n<p><em> &#8221; Sources www.sportingnews.com &#8221; <\/em><\/p>\n<p><em> &#8221; Fuentes www.sportingnews.com &#8221; <\/em><\/p>\n","protected":false},"excerpt":{"rendered":"<p>El emocionante mundo del boxeo regresa con una cartelera que promete dejar a los aficionados al borde de sus asientos. Chris Billam-Smith se enfrentar\u00e1 a Mateusz Masternak en lo que promete ser una noche llena de acci\u00f3n y emoci\u00f3n. Si eres un amante del deporte, este evento es una oportunidad que no querr\u00e1s perderte. El [&hellip;]<\/p>\n","protected":false},"author":4,"featured_media":681416,"comment_status":"open","ping_status":"closed","sticky":false,"template":"","format":"standard","meta":{"om_disable_all_campaigns":false,"jnews-multi-image_gallery":[],"jnews_single_post":[],"jnews_primary_category":[],"jnews_social_meta":[],"footnotes":""},"categories":[41],"tags":[874,70381,2805,2244,112084,28820,1375,172],"class_list":["post-681415","post","type-post","status-publish","format-standard","has-post-thumbnail","hentry","category-cruceros","tag-cartelera","tag-chris-billam-smith","tag-dia","tag-hora","tag-mateusz-masternak","tag-pelea","tag-streaming","tag-tv"],"_links":{"self":[{"href":"https:\/\/dimensionturistica.com\/es\/wp-json\/wp\/v2\/posts\/681415","targetHints":{"allow":["GET"]}}],"collection":[{"href":"https:\/\/dimensionturistica.com\/es\/wp-json\/wp\/v2\/posts"}],"about":[{"href":"https:\/\/dimensionturistica.com\/es\/wp-json\/wp\/v2\/types\/post"}],"author":[{"embeddable":true,"href":"https:\/\/dimensionturistica.com\/es\/wp-json\/wp\/v2\/users\/4"}],"replies":[{"embeddable":true,"href":"https:\/\/dimensionturistica.com\/es\/wp-json\/wp\/v2\/comments?post=681415"}],"version-history":[{"count":0,"href":"https:\/\/dimensionturistica.com\/es\/wp-json\/wp\/v2\/posts\/681415\/revisions"}],"wp:featuredmedia":[{"embeddable":true,"href":"https:\/\/dimensionturistica.com\/es\/wp-json\/wp\/v2\/media\/681416"}],"wp:attachment":[{"href":"https:\/\/dimensionturistica.com\/es\/wp-json\/wp\/v2\/media?parent=681415"}],"wp:term":[{"taxonomy":"category","embeddable":true,"href":"https:\/\/dimensionturistica.com\/es\/wp-json\/wp\/v2\/categories?post=681415"},{"taxonomy":"post_tag","embeddable":true,"href":"https:\/\/dimensionturistica.com\/es\/wp-json\/wp\/v2\/tags?post=681415"}],"curies":[{"name":"wp","href":"https:\/\/api.w.org\/{rel}","templated":true}]}}