{"id":681159,"date":"2023-12-05T21:22:57","date_gmt":"2023-12-05T21:22:57","guid":{"rendered":"https:\/\/dimensionturistica.com\/es\/?p=681159"},"modified":"2023-12-05T21:22:57","modified_gmt":"2023-12-05T21:22:57","slug":"embajador-estadounidense-acusado-de-espiar-para-el-gobierno-cubano-por-anos-grabaciones-hemisferio-occidental","status":"publish","type":"post","link":"https:\/\/dimensionturistica.com\/es\/embajador-estadounidense-acusado-de-espiar-para-el-gobierno-cubano-por-anos-grabaciones-hemisferio-occidental\/","title":{"rendered":"Embajador estadounidense acusado de espiar para el gobierno cubano por a\u00f1os | Grabaciones | Hemisferio occidental"},"content":{"rendered":"<p>El intrincado mundo de la diplomacia ha sido nuevamente sacudido por un esc\u00e1ndalo de espionaje que involucra a un ex embajador de Estados Unidos y su presunta colaboraci\u00f3n con el gobierno cubano. Este sorprendente acontecimiento, que ha salido a la luz despu\u00e9s de d\u00e9cadas de secretos y maniobras pol\u00edticas, ha generado un gran revuelo en el \u00e1mbito internacional.<\/p>\n<p>Para los amantes de la intriga y los misterios pol\u00edticos, este escenario resulta sumamente atractivo. La idea de un embajador estadounidense trabajando en favor de un gobierno extranjero, en este caso Cuba, abre las puertas a un sinf\u00edn de preguntas y especulaciones sobre los verdaderos motivos detr\u00e1s de este aparente acto de traici\u00f3n.<\/p>\n<p>Pero m\u00e1s all\u00e1 de la trama detectivesca, este suceso tambi\u00e9n arroja luz sobre las complejas relaciones entre ambas naciones, cuya historia de confrontaci\u00f3n y desconfianza ha dejado una marca indeleble en el panorama internacional. Los lazos diplom\u00e1ticos entre Estados Unidos y Cuba han fluctuado a lo largo de los a\u00f1os, desde la tensa Guerra Fr\u00eda hasta los esfuerzos por restablecer la relaci\u00f3n en tiempos m\u00e1s recientes. Este nuevo episodio solo sirve para avivar el fuego de la desconfianza mutua y a\u00f1ade un cap\u00edtulo m\u00e1s a una historia ya de por s\u00ed repleta de secretos y desencuentros.<\/p>\n<p>Adem\u00e1s, este esc\u00e1ndalo tambi\u00e9n plantea interrogantes sobre la seguridad y confidencialidad en el \u00e1mbito diplom\u00e1tico. \u00bfC\u00f3mo es posible que un embajador de alto rango haya podido operar como supuesto esp\u00eda durante tanto tiempo sin ser detectado? \u00bfQu\u00e9 medidas se est\u00e1n tomando para prevenir casos similares en el futuro? Estas son cuestiones que sin duda generar\u00e1n debate y an\u00e1lisis en los c\u00edrculos pol\u00edticos y acad\u00e9micos.<\/p>\n<p>En definitiva, el caso del ex embajador acusado de espiar para Cuba durante d\u00e9cadas no solo es un ejemplo de alta pol\u00edtica y espionaje, sino que tambi\u00e9n pone de manifiesto las complejas relaciones internacionales y los desaf\u00edos que estas enfrentan en un mundo cada vez m\u00e1s interconectado. Sin duda, un tema que seguir\u00e1 generando titulares y reflexiones en los pr\u00f3ximos meses.<\/p>\n<p><em> &#8221; Sources elpais.com &#8221; <\/em><\/p>\n<p><em> &#8221; Sources elpais.com &#8221; <\/em><\/p>\n","protected":false},"excerpt":{"rendered":"<p>El intrincado mundo de la diplomacia ha sido nuevamente sacudido por un esc\u00e1ndalo de espionaje que involucra a un ex embajador de Estados Unidos y su presunta colaboraci\u00f3n con el gobierno cubano. Este sorprendente acontecimiento, que ha salido a la luz despu\u00e9s de d\u00e9cadas de secretos y maniobras pol\u00edticas, ha generado un gran revuelo en [&hellip;]<\/p>\n","protected":false},"author":4,"featured_media":681160,"comment_status":"open","ping_status":"closed","sticky":false,"template":"","format":"standard","meta":{"om_disable_all_campaigns":false,"jnews-multi-image_gallery":[],"jnews_single_post":[],"jnews_primary_category":[],"jnews_social_meta":[],"footnotes":""},"categories":[40],"tags":[764,956,13243,588,127988,127987,716],"class_list":["post-681159","post","type-post","status-publish","format-standard","has-post-thumbnail","hentry","category-industria","tag-america","tag-cuba","tag-decadas","tag-ee-uu","tag-espiar","tag-ex-embajador","tag-videos"],"_links":{"self":[{"href":"https:\/\/dimensionturistica.com\/es\/wp-json\/wp\/v2\/posts\/681159","targetHints":{"allow":["GET"]}}],"collection":[{"href":"https:\/\/dimensionturistica.com\/es\/wp-json\/wp\/v2\/posts"}],"about":[{"href":"https:\/\/dimensionturistica.com\/es\/wp-json\/wp\/v2\/types\/post"}],"author":[{"embeddable":true,"href":"https:\/\/dimensionturistica.com\/es\/wp-json\/wp\/v2\/users\/4"}],"replies":[{"embeddable":true,"href":"https:\/\/dimensionturistica.com\/es\/wp-json\/wp\/v2\/comments?post=681159"}],"version-history":[{"count":0,"href":"https:\/\/dimensionturistica.com\/es\/wp-json\/wp\/v2\/posts\/681159\/revisions"}],"wp:featuredmedia":[{"embeddable":true,"href":"https:\/\/dimensionturistica.com\/es\/wp-json\/wp\/v2\/media\/681160"}],"wp:attachment":[{"href":"https:\/\/dimensionturistica.com\/es\/wp-json\/wp\/v2\/media?parent=681159"}],"wp:term":[{"taxonomy":"category","embeddable":true,"href":"https:\/\/dimensionturistica.com\/es\/wp-json\/wp\/v2\/categories?post=681159"},{"taxonomy":"post_tag","embeddable":true,"href":"https:\/\/dimensionturistica.com\/es\/wp-json\/wp\/v2\/tags?post=681159"}],"curies":[{"name":"wp","href":"https:\/\/api.w.org\/{rel}","templated":true}]}}