{"id":678913,"date":"2023-12-03T07:37:53","date_gmt":"2023-12-03T07:37:53","guid":{"rendered":"https:\/\/dimensionturistica.com\/es\/?p=678913"},"modified":"2023-12-03T07:37:53","modified_gmt":"2023-12-03T07:37:53","slug":"el-relato-conmovedor-del-cantautor-original-de-la-famosa-cancion-navidena-mi-burrito-sabanero","status":"publish","type":"post","link":"https:\/\/dimensionturistica.com\/es\/el-relato-conmovedor-del-cantautor-original-de-la-famosa-cancion-navidena-mi-burrito-sabanero\/","title":{"rendered":"El relato conmovedor del cantautor original de la famosa canci\u00f3n navide\u00f1a &#8220;Mi burrito sabanero"},"content":{"rendered":"<p>En esta \u00e9poca navide\u00f1a, es imposible escapar del contagioso esp\u00edritu festivo que nos rodea. Ya sea a trav\u00e9s de villancicos, decoraciones brillantes o la anticipaci\u00f3n de una deliciosa cena, la Navidad es una de las festividades m\u00e1s esperadas en todo el mundo. Y una de las canciones m\u00e1s emblem\u00e1ticas de esta temporada es &#8220;Mi burrito sabanero&#8221;, que ha logrado cautivar a generaciones enteras con su dulce melod\u00eda y encantadora letra.<\/p>\n<p>Pero, \u00bfalguna vez te has preguntado qui\u00e9n fue el genio detr\u00e1s de esta canci\u00f3n? Resulta que la historia del int\u00e9rprete original de este villancico es verdaderamente conmovedora. Su humilde origen y su inesperado \u00e9xito nos recuerdan que a veces las joyas m\u00e1s grandes pueden venir en envoltorios peque\u00f1os.<\/p>\n<p>El autor de &#8220;Mi burrito sabanero&#8221; era un m\u00fasico talentoso, pero desconocido, que luchaba por abrirse camino en la industria de la m\u00fasica. Su vida estaba llena de altibajos y no parec\u00eda haber un final feliz a la vista. Sin embargo, todo cambi\u00f3 cuando compuso esta canci\u00f3n; de repente, su nombre estaba en boca de todos y su m\u00fasica resonaba en los hogares de todo el pa\u00eds.<\/p>\n<p>La canci\u00f3n tuvo un impacto inmediato y se convirti\u00f3 en un cl\u00e1sico instant\u00e1neo de la temporada navide\u00f1a. La gente no pod\u00eda dejar de cantarla, ya fuera en fiestas, en la calle o en la intimidad de sus hogares. Se convirti\u00f3 en un s\u00edmbolo de alegr\u00eda y calidez, una canci\u00f3n que reun\u00eda a las familias y les recordaba el verdadero significado de la Navidad.<\/p>\n<p>Desafortunadamente, la fama no siempre trae consigo la felicidad. A pesar del \u00e9xito de la canci\u00f3n, el autor original de &#8220;Mi burrito sabanero&#8221; nunca pudo disfrutar plenamente de su triunfo. Problemas personales y la presi\u00f3n de la fama lo llevaron por un camino dif\u00edcil, y su vida tom\u00f3 un giro inesperado que lo llev\u00f3 lejos de los escenarios y del reconocimiento.<\/p>\n<p>La historia de este m\u00fasico es un recordatorio de que detr\u00e1s de cada canci\u00f3n hay una historia, y que a menudo desconocemos el sacrificio y la lucha que conlleva traer m\u00fasica al mundo. A pesar de los altibajos, el legado de &#8220;Mi burrito sabanero&#8221; vive en cada nota y en cada coraz\u00f3n que la escucha.<\/p>\n<p>As\u00ed que la pr\u00f3xima vez que te encuentres tarareando esta pegajosa melod\u00eda, t\u00f3mate un momento para recordar al hombre que la cre\u00f3. Su talento y pasi\u00f3n fueron la chispa que encendi\u00f3 una de las canciones m\u00e1s queridas de la Navidad, y su legado perdurar\u00e1 en cada celebraci\u00f3n navide\u00f1a.<\/p>\n<p>Como dice la canci\u00f3n, &#8220;ven, ven, ven, ven, ven, vamos a Bel\u00e9n&#8221;. Y mientras viajas a trav\u00e9s de la melod\u00eda, piensa en la historia detr\u00e1s de la canci\u00f3n y en el impacto que ha tenido en tantas vidas. La m\u00fasica tiene un poder \u00fanico para unir a las personas y traer alegr\u00eda, y &#8220;Mi burrito sabanero&#8221; es un hermoso recordatorio de eso.<\/p>\n<p><em> &#8221; Sources www.infobae.com &#8221; <\/em><\/p>\n<p><em> &#8221; Fuentes www.infobae.com &#8221; <\/em><\/p>\n","protected":false},"excerpt":{"rendered":"<p>En esta \u00e9poca navide\u00f1a, es imposible escapar del contagioso esp\u00edritu festivo que nos rodea. Ya sea a trav\u00e9s de villancicos, decoraciones brillantes o la anticipaci\u00f3n de una deliciosa cena, la Navidad es una de las festividades m\u00e1s esperadas en todo el mundo. Y una de las canciones m\u00e1s emblem\u00e1ticas de esta temporada es &#8220;Mi burrito [&hellip;]<\/p>\n","protected":false},"author":4,"featured_media":678914,"comment_status":"open","ping_status":"closed","sticky":false,"template":"","format":"standard","meta":{"om_disable_all_campaigns":false,"jnews-multi-image_gallery":[],"jnews_single_post":[],"jnews_primary_category":[],"jnews_social_meta":[],"footnotes":""},"categories":[39],"tags":[21543,6643,127040,127038,1563,127039],"class_list":["post-678913","post","type-post","status-publish","format-standard","has-post-thumbnail","hentry","category-viajes","tag-canciones","tag-historia","tag-interprete-original","tag-mi-burrito-sabanero","tag-navidad","tag-villancico"],"_links":{"self":[{"href":"https:\/\/dimensionturistica.com\/es\/wp-json\/wp\/v2\/posts\/678913","targetHints":{"allow":["GET"]}}],"collection":[{"href":"https:\/\/dimensionturistica.com\/es\/wp-json\/wp\/v2\/posts"}],"about":[{"href":"https:\/\/dimensionturistica.com\/es\/wp-json\/wp\/v2\/types\/post"}],"author":[{"embeddable":true,"href":"https:\/\/dimensionturistica.com\/es\/wp-json\/wp\/v2\/users\/4"}],"replies":[{"embeddable":true,"href":"https:\/\/dimensionturistica.com\/es\/wp-json\/wp\/v2\/comments?post=678913"}],"version-history":[{"count":0,"href":"https:\/\/dimensionturistica.com\/es\/wp-json\/wp\/v2\/posts\/678913\/revisions"}],"wp:featuredmedia":[{"embeddable":true,"href":"https:\/\/dimensionturistica.com\/es\/wp-json\/wp\/v2\/media\/678914"}],"wp:attachment":[{"href":"https:\/\/dimensionturistica.com\/es\/wp-json\/wp\/v2\/media?parent=678913"}],"wp:term":[{"taxonomy":"category","embeddable":true,"href":"https:\/\/dimensionturistica.com\/es\/wp-json\/wp\/v2\/categories?post=678913"},{"taxonomy":"post_tag","embeddable":true,"href":"https:\/\/dimensionturistica.com\/es\/wp-json\/wp\/v2\/tags?post=678913"}],"curies":[{"name":"wp","href":"https:\/\/api.w.org\/{rel}","templated":true}]}}