{"id":678339,"date":"2023-12-02T07:25:32","date_gmt":"2023-12-02T07:25:32","guid":{"rendered":"https:\/\/dimensionturistica.com\/es\/?p=678339"},"modified":"2023-12-02T07:25:32","modified_gmt":"2023-12-02T07:25:32","slug":"aprovecha-y-reserva-ahora-para-obtener-un-descuento-de-hasta-el-55","status":"publish","type":"post","link":"https:\/\/dimensionturistica.com\/es\/aprovecha-y-reserva-ahora-para-obtener-un-descuento-de-hasta-el-55\/","title":{"rendered":"Aprovecha y reserva ahora para obtener un descuento de hasta el 55%"},"content":{"rendered":"<p>\u00a1Aprovecha el Black Friday para reservar tu estancia en los hoteles Barcel\u00f3 con un descuentazo del 55%!<\/p>\n<p>Si est\u00e1s pensando en hacer un viaje pr\u00f3ximamente, esta es tu oportunidad para ahorrar en tu estad\u00eda en los hoteles Barcel\u00f3. Con motivo del Black Friday, la cadena hotelera est\u00e1 ofreciendo un descuento del 55% en reservas realizadas durante este periodo, lo que significa una gran oportunidad para disfrutar de una estancia de lujo a un precio incre\u00edblemente bajo.<\/p>\n<p>Los hoteles Barcel\u00f3 son conocidos por su excelencia en servicio, sus modernas instalaciones y su ubicaci\u00f3n privilegiada en destinos tur\u00edsticos de ensue\u00f1o. Ya sea que est\u00e9s planeando un viaje de relax en la playa, una escapada urbana o unas vacaciones llenas de actividades, los hoteles Barcel\u00f3 tienen el lugar perfecto para ti.<\/p>\n<p>Adem\u00e1s, la cadena hotelera cuenta con una amplia oferta de servicios, desde spas de primer nivel hasta restaurantes de alta gastronom\u00eda, pasando por actividades de entretenimiento y opciones para toda la familia. Con el descuento del Black Friday, tendr\u00e1s la oportunidad de disfrutar de todas estas comodidades a un precio que te sorprender\u00e1.<\/p>\n<p>Para aprovechar esta oferta, simplemente visita la p\u00e1gina web de Barcel\u00f3 Hoteles y realiza tu reserva durante el periodo del Black Friday. No dejes pasar esta oportunidad de hacer tu viaje a\u00fan m\u00e1s especial y econ\u00f3mico.<\/p>\n<p>As\u00ed que ya lo sabes, si est\u00e1s buscando el momento perfecto para reservar tu pr\u00f3ximo viaje, el Black Friday es la ocasi\u00f3n ideal. Aprovecha el descuentazo del 55% en hoteles Barcel\u00f3 y prep\u00e1rate para disfrutar de una experiencia inolvidable. \u00a1No te lo pierdas!<\/p>\n<p><em> &#8221; Sources www.mundodeportivo.com &#8221; <\/em><\/p>\n<p><em> &#8221; Fuentes www.mundodeportivo.com &#8221; <\/em><\/p>\n","protected":false},"excerpt":{"rendered":"<p>\u00a1Aprovecha el Black Friday para reservar tu estancia en los hoteles Barcel\u00f3 con un descuentazo del 55%! Si est\u00e1s pensando en hacer un viaje pr\u00f3ximamente, esta es tu oportunidad para ahorrar en tu estad\u00eda en los hoteles Barcel\u00f3. Con motivo del Black Friday, la cadena hotelera est\u00e1 ofreciendo un descuento del 55% en reservas realizadas [&hellip;]<\/p>\n","protected":false},"author":4,"featured_media":678340,"comment_status":"open","ping_status":"closed","sticky":false,"template":"","format":"standard","meta":{"om_disable_all_campaigns":false,"jnews-multi-image_gallery":[],"jnews_single_post":[],"jnews_primary_category":[],"jnews_social_meta":[],"footnotes":""},"categories":[39],"tags":[23098,4788,126765,126764,6799],"class_list":["post-678339","post","type-post","status-publish","format-standard","has-post-thumbnail","hentry","category-viajes","tag-consigue","tag-descuento","tag-hasta-un-55","tag-haz","tag-reserva"],"_links":{"self":[{"href":"https:\/\/dimensionturistica.com\/es\/wp-json\/wp\/v2\/posts\/678339","targetHints":{"allow":["GET"]}}],"collection":[{"href":"https:\/\/dimensionturistica.com\/es\/wp-json\/wp\/v2\/posts"}],"about":[{"href":"https:\/\/dimensionturistica.com\/es\/wp-json\/wp\/v2\/types\/post"}],"author":[{"embeddable":true,"href":"https:\/\/dimensionturistica.com\/es\/wp-json\/wp\/v2\/users\/4"}],"replies":[{"embeddable":true,"href":"https:\/\/dimensionturistica.com\/es\/wp-json\/wp\/v2\/comments?post=678339"}],"version-history":[{"count":0,"href":"https:\/\/dimensionturistica.com\/es\/wp-json\/wp\/v2\/posts\/678339\/revisions"}],"wp:featuredmedia":[{"embeddable":true,"href":"https:\/\/dimensionturistica.com\/es\/wp-json\/wp\/v2\/media\/678340"}],"wp:attachment":[{"href":"https:\/\/dimensionturistica.com\/es\/wp-json\/wp\/v2\/media?parent=678339"}],"wp:term":[{"taxonomy":"category","embeddable":true,"href":"https:\/\/dimensionturistica.com\/es\/wp-json\/wp\/v2\/categories?post=678339"},{"taxonomy":"post_tag","embeddable":true,"href":"https:\/\/dimensionturistica.com\/es\/wp-json\/wp\/v2\/tags?post=678339"}],"curies":[{"name":"wp","href":"https:\/\/api.w.org\/{rel}","templated":true}]}}