{"id":677905,"date":"2023-12-01T21:18:01","date_gmt":"2023-12-01T21:18:01","guid":{"rendered":"https:\/\/dimensionturistica.com\/es\/?p=677905"},"modified":"2023-12-01T21:18:01","modified_gmt":"2023-12-01T21:18:01","slug":"es-apropiado-que-los-ninos-se-ausenten-de-la-escuela-para-viajar-en-familia","status":"publish","type":"post","link":"https:\/\/dimensionturistica.com\/es\/es-apropiado-que-los-ninos-se-ausenten-de-la-escuela-para-viajar-en-familia\/","title":{"rendered":"\u00bfEs apropiado que los ni\u00f1os se ausenten de la escuela para viajar en familia?"},"content":{"rendered":"<p>Viajar en familia durante el a\u00f1o escolar: una tendencia en alza<\/p>\n<p>Cada vez m\u00e1s padres est\u00e1n optando por aprovechar los per\u00edodos vacacionales para llevar a sus hijos de viaje, rompiendo con la tradicional idea de que las escapadas en familia solo deben realizarse durante las vacaciones de verano. Esta nueva tendencia, conocida como &#8220;viajes familiares durante el a\u00f1o escolar&#8221;, est\u00e1 ganando popularidad y cambiando la forma en que las familias concilian la educaci\u00f3n de sus hijos con la oportunidad de explorar nuevos destinos.<\/p>\n<p>Atr\u00e1s quedaron los d\u00edas en que los padres se sent\u00edan limitados a viajar solo durante las vacaciones de verano o durante los d\u00edas festivos. Con la flexibilidad cada vez mayor en la educaci\u00f3n en el hogar y la posibilidad de aprovechar los recursos educativos en l\u00ednea, las familias tienen la libertad de planificar viajes durante el resto del a\u00f1o sin que esto afecte significativamente la educaci\u00f3n de sus hijos.<\/p>\n<p>\u00bfPero cu\u00e1les son los beneficios de optar por viajes familiares durante el a\u00f1o escolar? En primer lugar, es una oportunidad \u00fanica para que los ni\u00f1os completen su educaci\u00f3n de manera pr\u00e1ctica. Al visitar destinos culturales, hist\u00f3ricos o naturales, los ni\u00f1os pueden aprender de primera mano sobre diferentes culturas, tradiciones y formas de vida, complementando su educaci\u00f3n con experiencias reales e inmersivas.<\/p>\n<p>Adem\u00e1s, viajar en familia durante el a\u00f1o escolar ofrece la posibilidad de evitar las aglomeraciones tur\u00edsticas que suelen caracterizar las temporadas de vacaciones. Los destinos suelen ser menos concurridos durante el a\u00f1o escolar, lo que permite a las familias disfrutar de una experiencia m\u00e1s aut\u00e9ntica y tranquila, sin tener que lidiar con largas filas o multitudes excesivas.<\/p>\n<p>Por supuesto, viajar durante el a\u00f1o escolar tambi\u00e9n presenta desaf\u00edos. Los padres deben asegurarse de que sus hijos no se atrasen en sus estudios y que puedan mantenerse al d\u00eda con las tareas y el material escolar. Sin embargo, con una planificaci\u00f3n cuidadosa y una comunicaci\u00f3n abierta con las escuelas, es posible encontrar un equilibrio entre la educaci\u00f3n y la exploraci\u00f3n del mundo.<\/p>\n<p>A medida que m\u00e1s familias se suman a esta tendencia, los destinos tur\u00edsticos est\u00e1n adapt\u00e1ndose para ofrecer opciones y servicios espec\u00edficos para las familias que viajan durante el a\u00f1o escolar. Desde programas educativos en museos y atracciones hasta descuentos y promociones especiales, las familias pueden encontrar cada vez m\u00e1s opciones dise\u00f1adas para satisfacer sus necesidades durante su tiempo de viaje.<\/p>\n<p>En conclusi\u00f3n, los viajes familiares durante el a\u00f1o escolar representan una oportunidad \u00fanica para enriquecer la educaci\u00f3n de los ni\u00f1os, explorar destinos de manera m\u00e1s aut\u00e9ntica y fortalecer los lazos familiares a trav\u00e9s de experiencias compartidas. Con la flexibilidad y las opciones cada vez mayores, no es de extra\u00f1ar que esta tendencia est\u00e9 en alza y que m\u00e1s familias est\u00e9n optando por viajar en cualquier momento del a\u00f1o.<\/p>\n<p><em> &#8221; Sources www.nytimes.com &#8221; <\/em><\/p>\n<p><em> &#8221; Fuentes www.nytimes.com &#8221; <\/em><\/p>\n","protected":false},"excerpt":{"rendered":"<p>Viajar en familia durante el a\u00f1o escolar: una tendencia en alza Cada vez m\u00e1s padres est\u00e1n optando por aprovechar los per\u00edodos vacacionales para llevar a sus hijos de viaje, rompiendo con la tradicional idea de que las escapadas en familia solo deben realizarse durante las vacaciones de verano. Esta nueva tendencia, conocida como &#8220;viajes familiares [&hellip;]<\/p>\n","protected":false},"author":4,"featured_media":677906,"comment_status":"open","ping_status":"closed","sticky":false,"template":"","format":"standard","meta":{"om_disable_all_campaigns":false,"jnews-multi-image_gallery":[],"jnews_single_post":[],"jnews_primary_category":[],"jnews_social_meta":[],"footnotes":""},"categories":[39],"tags":[117055,3336,119084,5692,126559,34773],"class_list":["post-677905","post","type-post","status-publish","format-standard","has-post-thumbnail","hentry","category-viajes","tag-conveniencia","tag-educacion","tag-faltar-a-clases","tag-ninos","tag-responsabilidad-parental","tag-viaje-en-familia"],"_links":{"self":[{"href":"https:\/\/dimensionturistica.com\/es\/wp-json\/wp\/v2\/posts\/677905","targetHints":{"allow":["GET"]}}],"collection":[{"href":"https:\/\/dimensionturistica.com\/es\/wp-json\/wp\/v2\/posts"}],"about":[{"href":"https:\/\/dimensionturistica.com\/es\/wp-json\/wp\/v2\/types\/post"}],"author":[{"embeddable":true,"href":"https:\/\/dimensionturistica.com\/es\/wp-json\/wp\/v2\/users\/4"}],"replies":[{"embeddable":true,"href":"https:\/\/dimensionturistica.com\/es\/wp-json\/wp\/v2\/comments?post=677905"}],"version-history":[{"count":0,"href":"https:\/\/dimensionturistica.com\/es\/wp-json\/wp\/v2\/posts\/677905\/revisions"}],"wp:featuredmedia":[{"embeddable":true,"href":"https:\/\/dimensionturistica.com\/es\/wp-json\/wp\/v2\/media\/677906"}],"wp:attachment":[{"href":"https:\/\/dimensionturistica.com\/es\/wp-json\/wp\/v2\/media?parent=677905"}],"wp:term":[{"taxonomy":"category","embeddable":true,"href":"https:\/\/dimensionturistica.com\/es\/wp-json\/wp\/v2\/categories?post=677905"},{"taxonomy":"post_tag","embeddable":true,"href":"https:\/\/dimensionturistica.com\/es\/wp-json\/wp\/v2\/tags?post=677905"}],"curies":[{"name":"wp","href":"https:\/\/api.w.org\/{rel}","templated":true}]}}