{"id":676478,"date":"2023-11-30T14:10:37","date_gmt":"2023-11-30T14:10:37","guid":{"rendered":"https:\/\/dimensionturistica.com\/es\/?p=676478"},"modified":"2023-11-30T14:10:37","modified_gmt":"2023-11-30T14:10:37","slug":"el-retorno-a-las-raices-la-travesia-de-sol-de-la-quadra-salcedo","status":"publish","type":"post","link":"https:\/\/dimensionturistica.com\/es\/el-retorno-a-las-raices-la-travesia-de-sol-de-la-quadra-salcedo\/","title":{"rendered":"El retorno a las ra\u00edces: La traves\u00eda de Sol de la Quadra-Salcedo"},"content":{"rendered":"<p>En el coraz\u00f3n de la regi\u00f3n de La Mancha, se encuentra un lugar \u00fanico que esconde una historia fascinante. Se trata de Sol\u00e1n de Cabras, un peque\u00f1o pueblo conocido por su manantial de aguas cristalinas que ha cautivado a visitantes de todo el mundo durante siglos. En este id\u00edlico rinc\u00f3n, se encuentra la esencia de la pureza y la tradici\u00f3n, y es el escenario del relato de una de las mujeres m\u00e1s destacadas del siglo XVII en Espa\u00f1a: Sol de la Quadra Salcedo.<\/p>\n<p>El legado de Sol de la Quadra Salcedo es el punto de partida para sumergirse en un viaje al origen de este emblem\u00e1tico lugar. Esta noble dama, de personalidad carism\u00e1tica y esp\u00edritu emprendedor, dej\u00f3 una huella imborrable en la historia de Sol\u00e1n de Cabras. Su visi\u00f3n e iniciativa lograron convertir este pueblo en un destino de renombre, gracias a la calidad y pureza del agua de su manantial.<\/p>\n<p>Adentrarse en las ra\u00edces de Sol\u00e1n de Cabras es descubrir un tesoro hist\u00f3rico y natural enmarcado por una belleza incomparable. Los paisajes que lo rodean invitan a la contemplaci\u00f3n y la conexi\u00f3n con la naturaleza en estado puro. Sus aguas, reconocidas por sus propiedades beneficiosas para la salud, son un aut\u00e9ntico regalo para el cuerpo y el esp\u00edritu.<\/p>\n<p>Pero este viaje al origen de Sol\u00e1n de Cabras no estar\u00eda completo sin sumergirse en la riqueza cultural y gastron\u00f3mica de la zona. La tradici\u00f3n y la artesan\u00eda se entrelazan en la arquitectura de sus edificaciones y en la calidez de su gente. Y la gastronom\u00eda local, con sus platos t\u00edpicos y su exquisito vino, es un fest\u00edn para los sentidos que deja huella en todo aquel que lo prueba.<\/p>\n<p>La experiencia de visitar Sol\u00e1n de Cabras es mucho m\u00e1s que un simple viaje. Es una oportunidad para reconectar con nuestras ra\u00edces, descubrir la magia de un entorno natural \u00fanicamente tocar su esencia. Es una invitaci\u00f3n a sumergirse en una historia fascinante y a disfrutar de la autenticidad de un lugar que ha sabido preservar su identidad a lo largo de los siglos.<\/p>\n<p>En definitiva, descubrir el origen de Sol\u00e1n de Cabras es un regalo para el alma, una experiencia que deja una huella imborrable en la memoria de quienes se aventuran a conocerlo. Este rinc\u00f3n de La Mancha guarda secretos y tesoros que merecen ser descubiertos y que invitan a aquellos que buscan una experiencia \u00fanica y enriquecedora a sumarse a este viaje de vuelta a sus or\u00edgenes.<\/p>\n<p><em> &#8221; Sources elasombrario.publico.es &#8221; <\/em><\/p>\n<p><em> &#8221; Fuentes elasombrario.publico.es &#8221; <\/em><\/p>\n","protected":false},"excerpt":{"rendered":"<p>En el coraz\u00f3n de la regi\u00f3n de La Mancha, se encuentra un lugar \u00fanico que esconde una historia fascinante. Se trata de Sol\u00e1n de Cabras, un peque\u00f1o pueblo conocido por su manantial de aguas cristalinas que ha cautivado a visitantes de todo el mundo durante siglos. En este id\u00edlico rinc\u00f3n, se encuentra la esencia de [&hellip;]<\/p>\n","protected":false},"author":4,"featured_media":0,"comment_status":"open","ping_status":"closed","sticky":false,"template":"","format":"standard","meta":{"om_disable_all_campaigns":false,"jnews-multi-image_gallery":[],"jnews_single_post":[],"jnews_primary_category":[],"jnews_social_meta":[],"footnotes":""},"categories":[39],"tags":[2189,125978,125981,681,125979,125980],"class_list":["post-676478","post","type-post","status-publish","format-standard","hentry","category-viajes","tag-naturaleza","tag-so-de-la-quadra-salcedo","tag-sol-de-la-quadra-salcedo","tag-viaje","tag-viaje-al-centro-del-origen","tag-vuelta-al-origen"],"_links":{"self":[{"href":"https:\/\/dimensionturistica.com\/es\/wp-json\/wp\/v2\/posts\/676478","targetHints":{"allow":["GET"]}}],"collection":[{"href":"https:\/\/dimensionturistica.com\/es\/wp-json\/wp\/v2\/posts"}],"about":[{"href":"https:\/\/dimensionturistica.com\/es\/wp-json\/wp\/v2\/types\/post"}],"author":[{"embeddable":true,"href":"https:\/\/dimensionturistica.com\/es\/wp-json\/wp\/v2\/users\/4"}],"replies":[{"embeddable":true,"href":"https:\/\/dimensionturistica.com\/es\/wp-json\/wp\/v2\/comments?post=676478"}],"version-history":[{"count":0,"href":"https:\/\/dimensionturistica.com\/es\/wp-json\/wp\/v2\/posts\/676478\/revisions"}],"wp:attachment":[{"href":"https:\/\/dimensionturistica.com\/es\/wp-json\/wp\/v2\/media?parent=676478"}],"wp:term":[{"taxonomy":"category","embeddable":true,"href":"https:\/\/dimensionturistica.com\/es\/wp-json\/wp\/v2\/categories?post=676478"},{"taxonomy":"post_tag","embeddable":true,"href":"https:\/\/dimensionturistica.com\/es\/wp-json\/wp\/v2\/tags?post=676478"}],"curies":[{"name":"wp","href":"https:\/\/api.w.org\/{rel}","templated":true}]}}