{"id":675500,"date":"2023-11-29T16:28:43","date_gmt":"2023-11-29T16:28:43","guid":{"rendered":"https:\/\/dimensionturistica.com\/es\/?p=675500"},"modified":"2023-11-29T16:28:43","modified_gmt":"2023-11-29T16:28:43","slug":"paco-gutierrez-asume-el-liderazgo-de-grupo-lomas-con-importantes-responsabilidades","status":"publish","type":"post","link":"https:\/\/dimensionturistica.com\/es\/paco-gutierrez-asume-el-liderazgo-de-grupo-lomas-con-importantes-responsabilidades\/","title":{"rendered":"Paco Guti\u00e9rrez asume el liderazgo de Grupo Lomas con importantes responsabilidades"},"content":{"rendered":"<p>Recientemente, se llev\u00f3 a cabo un emocionante evento para la industria tur\u00edstica, donde Paco Guti\u00e9rrez, una figura destacada en el mundo del turismo, recibi\u00f3 las llaves de Grupo Lomas, una de las empresas m\u00e1s importantes en la industria de los viajes en M\u00e9xico. Este acontecimiento no solo marca un hito en la carrera de Guti\u00e9rrez, sino que tambi\u00e9n resalta la importancia de la colaboraci\u00f3n y el liderazgo en un sector tan crucial para la econom\u00eda y el disfrute de millones de personas en todo el mundo.<\/p>\n<p>Grupo Lomas es conocido por ofrecer una amplia gama de servicios tur\u00edsticos, desde hoteles de primera clase hasta excursiones emocionantes y actividades recreativas en destinos paradisiacos. Por lo tanto, el hecho de que Paco Guti\u00e9rrez haya sido designado para liderar esta organizaci\u00f3n es un claro indicativo de su experiencia y su compromiso con la excelencia en el turismo.<\/p>\n<p>El turismo es una de las industrias m\u00e1s din\u00e1micas y emocionantes en la actualidad, ya que permite a las personas explorar nuevos destinos, experimentar diferentes culturas y crear recuerdos duraderos. Sin embargo, detr\u00e1s de toda esta maravillosa experiencia, hay un trabajo arduo y dedicado de profesionales como Paco Guti\u00e9rrez, cuyo liderazgo y visi\u00f3n estrat\u00e9gica son fundamentales para el \u00e9xito y la sostenibilidad de la industria tur\u00edstica.<\/p>\n<p>Adem\u00e1s, la designaci\u00f3n de Guti\u00e9rrez es un recordatorio de la importancia de la innovaci\u00f3n y la adaptabilidad en un mundo en constante cambio. Con la tecnolog\u00eda transformando la forma en que planificamos y experimentamos nuestros viajes, es fundamental que las empresas tur\u00edsticas est\u00e9n a la vanguardia de las tendencias y dispuestas a ofrecer experiencias \u00fanicas y memorables a sus clientes.<\/p>\n<p>En resumen, el nombramiento de Paco Guti\u00e9rrez como l\u00edder de Grupo Lomas es un acontecimiento significativo tanto para la industria tur\u00edstica como para los viajeros que buscan experiencias inolvidables. Su experiencia y liderazgo seguramente llevar\u00e1n a la empresa a nuevas alturas, al tiempo que establecer\u00e1n un est\u00e1ndar de excelencia para toda la industria. Por lo tanto, es un momento emocionante para aquellos que aman viajar y desean encontrar nuevas y emocionantes oportunidades en el mundo del turismo.<\/p>\n<p><em> &#8221; Sources periodicoviaje.com &#8221; <\/em><\/p>\n<p><em> &#8221; Sources periodicoviaje.com &#8221; <\/em><\/p>\n","protected":false},"excerpt":{"rendered":"<p>Recientemente, se llev\u00f3 a cabo un emocionante evento para la industria tur\u00edstica, donde Paco Guti\u00e9rrez, una figura destacada en el mundo del turismo, recibi\u00f3 las llaves de Grupo Lomas, una de las empresas m\u00e1s importantes en la industria de los viajes en M\u00e9xico. Este acontecimiento no solo marca un hito en la carrera de Guti\u00e9rrez, [&hellip;]<\/p>\n","protected":false},"author":4,"featured_media":675501,"comment_status":"open","ping_status":"closed","sticky":false,"template":"","format":"standard","meta":{"om_disable_all_campaigns":false,"jnews-multi-image_gallery":[],"jnews_single_post":[],"jnews_primary_category":[],"jnews_social_meta":[],"footnotes":""},"categories":[40],"tags":[125634,102744,125633],"class_list":["post-675500","post","type-post","status-publish","format-standard","has-post-thumbnail","hentry","category-industria","tag-grupo-lomas","tag-llaves","tag-paco-gutierrez"],"_links":{"self":[{"href":"https:\/\/dimensionturistica.com\/es\/wp-json\/wp\/v2\/posts\/675500","targetHints":{"allow":["GET"]}}],"collection":[{"href":"https:\/\/dimensionturistica.com\/es\/wp-json\/wp\/v2\/posts"}],"about":[{"href":"https:\/\/dimensionturistica.com\/es\/wp-json\/wp\/v2\/types\/post"}],"author":[{"embeddable":true,"href":"https:\/\/dimensionturistica.com\/es\/wp-json\/wp\/v2\/users\/4"}],"replies":[{"embeddable":true,"href":"https:\/\/dimensionturistica.com\/es\/wp-json\/wp\/v2\/comments?post=675500"}],"version-history":[{"count":0,"href":"https:\/\/dimensionturistica.com\/es\/wp-json\/wp\/v2\/posts\/675500\/revisions"}],"wp:featuredmedia":[{"embeddable":true,"href":"https:\/\/dimensionturistica.com\/es\/wp-json\/wp\/v2\/media\/675501"}],"wp:attachment":[{"href":"https:\/\/dimensionturistica.com\/es\/wp-json\/wp\/v2\/media?parent=675500"}],"wp:term":[{"taxonomy":"category","embeddable":true,"href":"https:\/\/dimensionturistica.com\/es\/wp-json\/wp\/v2\/categories?post=675500"},{"taxonomy":"post_tag","embeddable":true,"href":"https:\/\/dimensionturistica.com\/es\/wp-json\/wp\/v2\/tags?post=675500"}],"curies":[{"name":"wp","href":"https:\/\/api.w.org\/{rel}","templated":true}]}}