{"id":673529,"date":"2023-11-27T21:14:16","date_gmt":"2023-11-27T21:14:16","guid":{"rendered":"https:\/\/dimensionturistica.com\/es\/?p=673529"},"modified":"2023-11-27T21:14:16","modified_gmt":"2023-11-27T21:14:16","slug":"descubre-las-increibles-ofertas-para-tus-proximas-vacaciones","status":"publish","type":"post","link":"https:\/\/dimensionturistica.com\/es\/descubre-las-increibles-ofertas-para-tus-proximas-vacaciones\/","title":{"rendered":"Descubre las incre\u00edbles ofertas para tus pr\u00f3ximas vacaciones."},"content":{"rendered":"<p>\u00a1Prep\u00e1rate para el Black Friday del turismo! Este a\u00f1o, las ofertas de viaje llegar\u00e1n con descuentos que no te podr\u00e1s perder. \u00bfEst\u00e1s pensando en tu pr\u00f3ximo destino? Aprovecha esta oportunidad para planificar tus vacaciones so\u00f1adas a precios incre\u00edbles. Desde escapadas urbanas hasta relax en la playa, las posibilidades son infinitas.<\/p>\n<p>Las aerol\u00edneas, agencias de viaje y hoteles se han sumado a la fiebre del Black Friday, ofreciendo descuentos y promociones para que puedas viajar por menos dinero. \u00bfTe gustar\u00eda visitar esa ciudad que siempre has querido conocer? \u00bfO quiz\u00e1s relajarte en un resort de lujo? Este es el momento perfecto para hacerlo.<\/p>\n<p>No te pierdas la oportunidad de explorar nuevos destinos y vivir momentos inolvidables. Desde vuelos con descuentos hasta ofertas en paquetes completos, el Black Friday del turismo tiene algo para todos los viajeros. Adem\u00e1s, con la flexibilidad de fechas que ofrecen muchas de estas ofertas, podr\u00e1s planificar tus vacaciones para el momento que m\u00e1s te convenga.<\/p>\n<p>Pero, \u00bfc\u00f3mo aprovechar al m\u00e1ximo estas ofertas? Lo primero es estar atento a las promociones que se anunciar\u00e1n en los pr\u00f3ximos d\u00edas, tanto en las p\u00e1ginas web de las aerol\u00edneas y agencias de viaje como en las redes sociales. Adem\u00e1s, es importante tener claras tus preferencias de viaje para poder aprovechar las ofertas que se adapten a tus necesidades.<\/p>\n<p>As\u00ed que toma nota: el Black Friday del turismo est\u00e1 a punto de llegar y es tu oportunidad para hacer realidad ese viaje que tanto has deseado. No te quedes sin tus ofertas y prep\u00e1rate para descubrir el mundo a precios incre\u00edbles. \u00a1Elige tu destino y empieza a planificar tu viaje perfecto!<\/p>\n<p><em> &#8221; Sources www.larazon.es &#8221; <\/em><\/p>\n<p><em> &#8221; Fuentes www.larazon.es &#8221; <\/em><\/p>\n","protected":false},"excerpt":{"rendered":"<p>\u00a1Prep\u00e1rate para el Black Friday del turismo! Este a\u00f1o, las ofertas de viaje llegar\u00e1n con descuentos que no te podr\u00e1s perder. \u00bfEst\u00e1s pensando en tu pr\u00f3ximo destino? Aprovecha esta oportunidad para planificar tus vacaciones so\u00f1adas a precios incre\u00edbles. Desde escapadas urbanas hasta relax en la playa, las posibilidades son infinitas. Las aerol\u00edneas, agencias de viaje [&hellip;]<\/p>\n","protected":false},"author":4,"featured_media":673530,"comment_status":"open","ping_status":"closed","sticky":false,"template":"","format":"standard","meta":{"om_disable_all_campaigns":false,"jnews-multi-image_gallery":[],"jnews_single_post":[],"jnews_primary_category":[],"jnews_social_meta":[],"footnotes":""},"categories":[39],"tags":[2830,4032,681],"class_list":["post-673529","post","type-post","status-publish","format-standard","has-post-thumbnail","hentry","category-viajes","tag-mejores","tag-ofertas","tag-viaje"],"_links":{"self":[{"href":"https:\/\/dimensionturistica.com\/es\/wp-json\/wp\/v2\/posts\/673529","targetHints":{"allow":["GET"]}}],"collection":[{"href":"https:\/\/dimensionturistica.com\/es\/wp-json\/wp\/v2\/posts"}],"about":[{"href":"https:\/\/dimensionturistica.com\/es\/wp-json\/wp\/v2\/types\/post"}],"author":[{"embeddable":true,"href":"https:\/\/dimensionturistica.com\/es\/wp-json\/wp\/v2\/users\/4"}],"replies":[{"embeddable":true,"href":"https:\/\/dimensionturistica.com\/es\/wp-json\/wp\/v2\/comments?post=673529"}],"version-history":[{"count":0,"href":"https:\/\/dimensionturistica.com\/es\/wp-json\/wp\/v2\/posts\/673529\/revisions"}],"wp:featuredmedia":[{"embeddable":true,"href":"https:\/\/dimensionturistica.com\/es\/wp-json\/wp\/v2\/media\/673530"}],"wp:attachment":[{"href":"https:\/\/dimensionturistica.com\/es\/wp-json\/wp\/v2\/media?parent=673529"}],"wp:term":[{"taxonomy":"category","embeddable":true,"href":"https:\/\/dimensionturistica.com\/es\/wp-json\/wp\/v2\/categories?post=673529"},{"taxonomy":"post_tag","embeddable":true,"href":"https:\/\/dimensionturistica.com\/es\/wp-json\/wp\/v2\/tags?post=673529"}],"curies":[{"name":"wp","href":"https:\/\/api.w.org\/{rel}","templated":true}]}}