{"id":672259,"date":"2023-11-26T18:10:46","date_gmt":"2023-11-26T18:10:46","guid":{"rendered":"https:\/\/dimensionturistica.com\/es\/?p=672259"},"modified":"2023-11-26T18:10:46","modified_gmt":"2023-11-26T18:10:46","slug":"fin-del-impuesto-turistico-en-la-comunidad-valenciana-un-adios-definitivo","status":"publish","type":"post","link":"https:\/\/dimensionturistica.com\/es\/fin-del-impuesto-turistico-en-la-comunidad-valenciana-un-adios-definitivo\/","title":{"rendered":"Fin del impuesto tur\u00edstico en la Comunidad Valenciana: un adi\u00f3s definitivo"},"content":{"rendered":"<p>La Comunidad Valenciana ha dado un paso significativo al anunciar la eliminaci\u00f3n definitiva de la tasa tur\u00edstica. Esta decisi\u00f3n llega como una gran noticia para todos los que aman visitar esta hermosa regi\u00f3n del Mediterr\u00e1neo.<\/p>\n<p>La tasa tur\u00edstica ha sido un tema controvertido en los \u00faltimos a\u00f1os, con defensores y opositores debatiendo sobre sus efectos en la industria del turismo. Con su eliminaci\u00f3n, se espera que la Comunidad Valenciana sea a\u00fan m\u00e1s atractiva para los visitantes, ya que no tendr\u00e1n que preocuparse por este costo adicional durante su estancia.<\/p>\n<p>Esta noticia es especialmente relevante en un momento en que el turismo est\u00e1 empezando a recuperarse de los impactos de la pandemia. Con la eliminaci\u00f3n de la tasa tur\u00edstica, se espera que m\u00e1s turistas elijan la Comunidad Valenciana como su destino, lo que beneficiar\u00e1 a la econom\u00eda local y a los negocios tur\u00edsticos.<\/p>\n<p>Adem\u00e1s, esta decisi\u00f3n demuestra el compromiso de la Comunidad Valenciana con la promoci\u00f3n del turismo sostenible y accesible. Al eliminar la tasa tur\u00edstica, se est\u00e1 enviando un mensaje claro de que quieren que todos puedan disfrutar de todo lo que la regi\u00f3n tiene para ofrecer, sin importar su presupuesto.<\/p>\n<p>En resumen, la eliminaci\u00f3n de la tasa tur\u00edstica en la Comunidad Valenciana es una excelente noticia para los amantes del turismo. Con esta decisi\u00f3n, la regi\u00f3n se posiciona como un destino a\u00fan m\u00e1s atractivo y acogedor, listo para recibir a visitantes de todas partes del mundo. Sin duda, esta noticia ser\u00e1 recibida con entusiasmo por aquellos que tienen planeado visitar la Comunidad Valenciana en el futuro.<\/p>\n<p><em> &#8221; Sources www.larazon.es &#8221; <\/em><\/p>\n<p><em> &#8221; Sources www.larazon.es &#8221; <\/em><\/p>\n","protected":false},"excerpt":{"rendered":"<p>La Comunidad Valenciana ha dado un paso significativo al anunciar la eliminaci\u00f3n definitiva de la tasa tur\u00edstica. Esta decisi\u00f3n llega como una gran noticia para todos los que aman visitar esta hermosa regi\u00f3n del Mediterr\u00e1neo. La tasa tur\u00edstica ha sido un tema controvertido en los \u00faltimos a\u00f1os, con defensores y opositores debatiendo sobre sus efectos [&hellip;]<\/p>\n","protected":false},"author":4,"featured_media":672260,"comment_status":"open","ping_status":"closed","sticky":false,"template":"","format":"standard","meta":{"om_disable_all_campaigns":false,"jnews-multi-image_gallery":[],"jnews_single_post":[],"jnews_primary_category":[],"jnews_social_meta":[],"footnotes":""},"categories":[40],"tags":[124364,3005,11522],"class_list":["post-672259","post","type-post","status-publish","format-standard","has-post-thumbnail","hentry","category-industria","tag-adios-definitivo","tag-comunidad-valenciana","tag-tasa-turistica"],"_links":{"self":[{"href":"https:\/\/dimensionturistica.com\/es\/wp-json\/wp\/v2\/posts\/672259","targetHints":{"allow":["GET"]}}],"collection":[{"href":"https:\/\/dimensionturistica.com\/es\/wp-json\/wp\/v2\/posts"}],"about":[{"href":"https:\/\/dimensionturistica.com\/es\/wp-json\/wp\/v2\/types\/post"}],"author":[{"embeddable":true,"href":"https:\/\/dimensionturistica.com\/es\/wp-json\/wp\/v2\/users\/4"}],"replies":[{"embeddable":true,"href":"https:\/\/dimensionturistica.com\/es\/wp-json\/wp\/v2\/comments?post=672259"}],"version-history":[{"count":0,"href":"https:\/\/dimensionturistica.com\/es\/wp-json\/wp\/v2\/posts\/672259\/revisions"}],"wp:featuredmedia":[{"embeddable":true,"href":"https:\/\/dimensionturistica.com\/es\/wp-json\/wp\/v2\/media\/672260"}],"wp:attachment":[{"href":"https:\/\/dimensionturistica.com\/es\/wp-json\/wp\/v2\/media?parent=672259"}],"wp:term":[{"taxonomy":"category","embeddable":true,"href":"https:\/\/dimensionturistica.com\/es\/wp-json\/wp\/v2\/categories?post=672259"},{"taxonomy":"post_tag","embeddable":true,"href":"https:\/\/dimensionturistica.com\/es\/wp-json\/wp\/v2\/tags?post=672259"}],"curies":[{"name":"wp","href":"https:\/\/api.w.org\/{rel}","templated":true}]}}