{"id":671776,"date":"2023-11-26T03:48:47","date_gmt":"2023-11-26T03:48:47","guid":{"rendered":"https:\/\/dimensionturistica.com\/es\/?p=671776"},"modified":"2023-11-26T03:48:47","modified_gmt":"2023-11-26T03:48:47","slug":"la-cumbre-global-de-empresas-de-turismo-llega-a-granada","status":"publish","type":"post","link":"https:\/\/dimensionturistica.com\/es\/la-cumbre-global-de-empresas-de-turismo-llega-a-granada\/","title":{"rendered":"La Cumbre Global de Empresas de Turismo llega a Granada"},"content":{"rendered":"<p>Granada, una joya del sur de Espa\u00f1a, ser\u00e1 la anfitriona de un evento impresionante: la Cumbre Mundial de Agencias de Viajes. Este encuentro reunir\u00e1 a representantes de todo el mundo para discutir las \u00faltimas tendencias en el sector tur\u00edstico y encontrar nuevas formas de promover destinos tur\u00edsticos emocionantes y atractivos.<\/p>\n<p>La elecci\u00f3n de Granada como sede para esta cumbre no es casualidad. Con su impresionante palacio de la Alhambra, su laberinto de calles en el barrio del Albaic\u00edn y sus vistas a las monta\u00f1as de Sierra Nevada, esta ciudad ofrece un tel\u00f3n de fondo perfecto para discutir el futuro del turismo.<\/p>\n<p>Los asistentes a la cumbre tendr\u00e1n la oportunidad de explorar las maravillas culturales y naturales de Granada, mientras participan en paneles de discusi\u00f3n, conferencias y talleres sobre c\u00f3mo mejorar la experiencia de viaje para los turistas. Adem\u00e1s, tendr\u00e1n la oportunidad de interactuar con representantes de agencias de viajes de renombre mundial y establecer contactos que les ayudar\u00e1n a impulsar sus negocios en el futuro.<\/p>\n<p>Granada, con su rica historia y su ambiente animado, ofrece una amplia gama de experiencias para los visitantes. Desde degustar deliciosas tapas en sus bares hasta disfrutar de un espect\u00e1culo de flamenco en una de sus cuevas gitanas, la ciudad tiene algo que ofrecer a todos.<\/p>\n<p>Adem\u00e1s, su estrat\u00e9gica ubicaci\u00f3n en el sur de Espa\u00f1a la convierte en un punto de partida ideal para explorar otras ciudades y regiones de este hermoso pa\u00eds. La cercan\u00eda de la costa mediterr\u00e1nea, la Alpujarra y la ciudad de M\u00e1laga la convierten en un destino perfecto para los amantes de la naturaleza, la cultura y la historia.<\/p>\n<p>En resumen, la Cumbre Mundial de Agencias de Viajes en Granada promete ser un evento emocionante y enriquecedor. Tanto para los profesionales del turismo que buscan nuevas oportunidades de negocio como para los amantes de los viajes que desean explorar un destino \u00fanico, esta cumbre ofrece una oportunidad \u00fanica para descubrir todo lo que Granada y Andaluc\u00eda tienen para ofrecer. Sin duda, este evento dejar\u00e1 una huella duradera en todos los que tengan la suerte de asistir.<\/p>\n<p><em> &#8221; Sources www.canalsur.es &#8221; <\/em><\/p>\n<p><em> &#8221; Sources www.canalsur.es &#8221; <\/em><\/p>\n","protected":false},"excerpt":{"rendered":"<p>Granada, una joya del sur de Espa\u00f1a, ser\u00e1 la anfitriona de un evento impresionante: la Cumbre Mundial de Agencias de Viajes. Este encuentro reunir\u00e1 a representantes de todo el mundo para discutir las \u00faltimas tendencias en el sector tur\u00edstico y encontrar nuevas formas de promover destinos tur\u00edsticos emocionantes y atractivos. La elecci\u00f3n de Granada como [&hellip;]<\/p>\n","protected":false},"author":4,"featured_media":671777,"comment_status":"open","ping_status":"closed","sticky":false,"template":"","format":"standard","meta":{"om_disable_all_campaigns":false,"jnews-multi-image_gallery":[],"jnews_single_post":[],"jnews_primary_category":[],"jnews_social_meta":[],"footnotes":""},"categories":[40],"tags":[569,9587,2081,124110],"class_list":["post-671776","post","type-post","status-publish","format-standard","has-post-thumbnail","hentry","category-industria","tag-agencias-de-viajes","tag-cumbre-mundial","tag-granada","tag-granada-acoge-la-cumbre-mundial-de-agencias-de-viajes"],"_links":{"self":[{"href":"https:\/\/dimensionturistica.com\/es\/wp-json\/wp\/v2\/posts\/671776","targetHints":{"allow":["GET"]}}],"collection":[{"href":"https:\/\/dimensionturistica.com\/es\/wp-json\/wp\/v2\/posts"}],"about":[{"href":"https:\/\/dimensionturistica.com\/es\/wp-json\/wp\/v2\/types\/post"}],"author":[{"embeddable":true,"href":"https:\/\/dimensionturistica.com\/es\/wp-json\/wp\/v2\/users\/4"}],"replies":[{"embeddable":true,"href":"https:\/\/dimensionturistica.com\/es\/wp-json\/wp\/v2\/comments?post=671776"}],"version-history":[{"count":0,"href":"https:\/\/dimensionturistica.com\/es\/wp-json\/wp\/v2\/posts\/671776\/revisions"}],"wp:featuredmedia":[{"embeddable":true,"href":"https:\/\/dimensionturistica.com\/es\/wp-json\/wp\/v2\/media\/671777"}],"wp:attachment":[{"href":"https:\/\/dimensionturistica.com\/es\/wp-json\/wp\/v2\/media?parent=671776"}],"wp:term":[{"taxonomy":"category","embeddable":true,"href":"https:\/\/dimensionturistica.com\/es\/wp-json\/wp\/v2\/categories?post=671776"},{"taxonomy":"post_tag","embeddable":true,"href":"https:\/\/dimensionturistica.com\/es\/wp-json\/wp\/v2\/tags?post=671776"}],"curies":[{"name":"wp","href":"https:\/\/api.w.org\/{rel}","templated":true}]}}