{"id":670168,"date":"2023-11-24T08:05:59","date_gmt":"2023-11-24T08:05:59","guid":{"rendered":"https:\/\/dimensionturistica.com\/es\/?p=670168"},"modified":"2023-11-24T08:05:59","modified_gmt":"2023-11-24T08:05:59","slug":"hombres-destacados-del-2023-la-increible-alfombra-negra-en-imagenes","status":"publish","type":"post","link":"https:\/\/dimensionturistica.com\/es\/hombres-destacados-del-2023-la-increible-alfombra-negra-en-imagenes\/","title":{"rendered":"Hombres destacados del 2023: la incre\u00edble Alfombra Negra en im\u00e1genes"},"content":{"rendered":"<p>El glamour y la elegancia se unen en la alfombra roja de los Hombres del A\u00f1o 2023. En un evento lleno de celebridades, moda y sofisticaci\u00f3n, las estrellas m\u00e1s brillantes del mundo del entretenimiento, la cultura y el deporte se dieron cita para ser homenajeadas por su destacada labor.<\/p>\n<p>El evento, que tuvo lugar en una impresionante locaci\u00f3n, cont\u00f3 con la presencia de figuras ic\u00f3nicas que deslumbraron con sus impecables atuendos y cautivaron a todos los presentes con su carisma. Desde artistas de renombre hasta atletas de \u00e9lite, la diversidad y el talento se hicieron presentes en esta inolvidable velada.<\/p>\n<p>La alfombra roja fue testigo de un derroche de glamour, donde los trajes de dise\u00f1ador, las joyas deslumbrantes y los peinados impecables se robaron todas las miradas. Cada detalle fue cuidadosamente seleccionado para crear looks que pasar\u00e1n a la historia de la moda y el estilo.<\/p>\n<p>Adem\u00e1s, la emoci\u00f3n estuvo a flor de piel cuando los galardonados recibieron sus merecidos reconocimientos. Sus discursos estuvieron llenos de gratitud, humildad y compromiso, demostrando el impacto positivo que han tenido en sus respectivas disciplinas y en la sociedad en general.<\/p>\n<p>Pero m\u00e1s all\u00e1 de la ostentaci\u00f3n y el brillo, este evento representa un escaparate para destacar el talento, el esfuerzo y la dedicaci\u00f3n de aquellos que, a trav\u00e9s de su trabajo, inspiran a otros a alcanzar sus sue\u00f1os y a superar obst\u00e1culos.<\/p>\n<p>Sin duda, la alfombra roja de los Hombres del A\u00f1o 2023 fue un verdadero espect\u00e1culo de enaltecimiento y reconocimiento a la excelencia. Un evento que no solo celebr\u00f3 el \u00e9xito y el talento, sino que tambi\u00e9n invit\u00f3 a reflexionar sobre la importancia de seguir persiguiendo nuestras pasiones y contribuyendo positivamente al mundo que nos rodea.<\/p>\n<p>En resumen, esta gala fue mucho m\u00e1s que una muestra de lujo y sofisticaci\u00f3n: fue un recordatorio de que, a trav\u00e9s del trabajo arduo, la dedicaci\u00f3n y la pasi\u00f3n, cada uno de nosotros puede dejar una marca imborrable en la sociedad. Sin duda, una noche para recordar y celebrar el poder del individuo para inspirar y marcar la diferencia.<\/p>\n<p><em> &#8221; Sources www.gq.com.mx &#8221; <\/em><\/p>\n<p><em> &#8221; Fuentes www.gq.com.mx &#8221; <\/em><\/p>\n","protected":false},"excerpt":{"rendered":"<p>El glamour y la elegancia se unen en la alfombra roja de los Hombres del A\u00f1o 2023. En un evento lleno de celebridades, moda y sofisticaci\u00f3n, las estrellas m\u00e1s brillantes del mundo del entretenimiento, la cultura y el deporte se dieron cita para ser homenajeadas por su destacada labor. El evento, que tuvo lugar en [&hellip;]<\/p>\n","protected":false},"author":4,"featured_media":670169,"comment_status":"open","ping_status":"closed","sticky":false,"template":"","format":"standard","meta":{"om_disable_all_campaigns":false,"jnews-multi-image_gallery":[],"jnews_single_post":[],"jnews_primary_category":[],"jnews_social_meta":[],"footnotes":""},"categories":[39],"tags":[123309,6446,723,123308],"class_list":["post-670168","post","type-post","status-publish","format-standard","has-post-thumbnail","hentry","category-viajes","tag-black-carpet","tag-celebridades","tag-evento","tag-hombres-del-ano-2023"],"_links":{"self":[{"href":"https:\/\/dimensionturistica.com\/es\/wp-json\/wp\/v2\/posts\/670168","targetHints":{"allow":["GET"]}}],"collection":[{"href":"https:\/\/dimensionturistica.com\/es\/wp-json\/wp\/v2\/posts"}],"about":[{"href":"https:\/\/dimensionturistica.com\/es\/wp-json\/wp\/v2\/types\/post"}],"author":[{"embeddable":true,"href":"https:\/\/dimensionturistica.com\/es\/wp-json\/wp\/v2\/users\/4"}],"replies":[{"embeddable":true,"href":"https:\/\/dimensionturistica.com\/es\/wp-json\/wp\/v2\/comments?post=670168"}],"version-history":[{"count":0,"href":"https:\/\/dimensionturistica.com\/es\/wp-json\/wp\/v2\/posts\/670168\/revisions"}],"wp:featuredmedia":[{"embeddable":true,"href":"https:\/\/dimensionturistica.com\/es\/wp-json\/wp\/v2\/media\/670169"}],"wp:attachment":[{"href":"https:\/\/dimensionturistica.com\/es\/wp-json\/wp\/v2\/media?parent=670168"}],"wp:term":[{"taxonomy":"category","embeddable":true,"href":"https:\/\/dimensionturistica.com\/es\/wp-json\/wp\/v2\/categories?post=670168"},{"taxonomy":"post_tag","embeddable":true,"href":"https:\/\/dimensionturistica.com\/es\/wp-json\/wp\/v2\/tags?post=670168"}],"curies":[{"name":"wp","href":"https:\/\/api.w.org\/{rel}","templated":true}]}}