{"id":668047,"date":"2023-11-22T19:53:05","date_gmt":"2023-11-22T19:53:05","guid":{"rendered":"https:\/\/dimensionturistica.com\/es\/?p=668047"},"modified":"2023-11-22T19:53:05","modified_gmt":"2023-11-22T19:53:05","slug":"un-nuevo-relato-culinario-evoca-nostalgia-desde-la-reserva-menominee","status":"publish","type":"post","link":"https:\/\/dimensionturistica.com\/es\/un-nuevo-relato-culinario-evoca-nostalgia-desde-la-reserva-menominee\/","title":{"rendered":"Un nuevo relato culinario evoca nostalgia desde la reserva Menominee"},"content":{"rendered":"<p>La gastronom\u00eda siempre ha sido una parte fundamental de la cultura y la identidad de una comunidad. En el caso de la reserva Menominee, la comida no solo es una fuente de nutrici\u00f3n, sino tambi\u00e9n de conexi\u00f3n con la historia y las tradiciones de su pueblo.<\/p>\n<p>Recientemente, se ha publicado un nuevo libro de memorias culinarias que nos transporta a las ra\u00edces de la reserva Menominee, situada en el estado de Wisconsin. A trav\u00e9s de las descripciones detalladas de los aromas, sabores y texturas de los platos tradicionales, el autor nos invita a un viaje por el tiempo y el espacio, para descubrir la importancia de la comida en su vida y en la de su comunidad.<\/p>\n<p>El libro nos lleva a trav\u00e9s de las experiencias gastron\u00f3micas del autor, desde su infancia en la reserva Menominee hasta su vida adulta, mostr\u00e1ndonos c\u00f3mo la comida ha sido un hilo conductor en su relaci\u00f3n con su familia, su cultura y su entorno. Cada plato evoca recuerdos y emociones que nos permiten comprender la importancia de la comida como v\u00ednculo emocional y cultural.<\/p>\n<p>Adem\u00e1s, el autor nos introduce en la rica tradici\u00f3n culinaria de la reserva Menominee, compartiendo con nosotros las recetas de los platos m\u00e1s emblem\u00e1ticos y revelando los secretos de su preparaci\u00f3n. Desde el tradicional estofado de venado hasta el ma\u00edz sagrado, cada receta es presentada con amor y respeto por la tierra y los ingredientes que la comunidad ha utilizado durante generaciones.<\/p>\n<p>Este libro es m\u00e1s que una simple recopilaci\u00f3n de recetas; es un homenaje a la comida como patrimonio cultural, como s\u00edmbolo de identidad y como herramienta para preservar la herencia de la reserva Menominee. A trav\u00e9s de sus p\u00e1ginas, el lector no solo descubre la exquisita gastronom\u00eda de esta comunidad, sino que tambi\u00e9n se sumerge en sus tradiciones, su historia y su forma de concebir la vida y el mundo.<\/p>\n<p>Si eres amante de la gastronom\u00eda, la historia y la cultura, este libro te llevar\u00e1 en un viaje inolvidable a trav\u00e9s de los aromas y sabores de la reserva Menominee. No te pierdas la oportunidad de descubrir la magia que se esconde tras cada plato y la importancia de la comida como veh\u00edculo de nostalgia y conexi\u00f3n con nuestras ra\u00edces. Una lectura imprescindible para todos los amantes de la buena mesa y las historias que se ocultan tras cada bocado.<\/p>\n<p><em> &#8221; Sources www.wuwm.com &#8221; <\/em><\/p>\n","protected":false},"excerpt":{"rendered":"<p>La gastronom\u00eda siempre ha sido una parte fundamental de la cultura y la identidad de una comunidad. En el caso de la reserva Menominee, la comida no solo es una fuente de nutrici\u00f3n, sino tambi\u00e9n de conexi\u00f3n con la historia y las tradiciones de su pueblo. Recientemente, se ha publicado un nuevo libro de memorias [&hellip;]<\/p>\n","protected":false},"author":2,"featured_media":668048,"comment_status":"open","ping_status":"closed","sticky":false,"template":"","format":"standard","meta":{"om_disable_all_campaigns":false,"jnews-multi-image_gallery":[],"jnews_single_post":[],"jnews_primary_category":[],"jnews_social_meta":[],"footnotes":""},"categories":[43],"tags":[355,122632,122633,27866,122634],"class_list":["post-668047","post","type-post","status-publish","format-standard","has-post-thumbnail","hentry","category-gourmet","tag-food","tag-memoir","tag-menominee-reservation","tag-nostalgia","tag-wuwm-89-7-fm"],"_links":{"self":[{"href":"https:\/\/dimensionturistica.com\/es\/wp-json\/wp\/v2\/posts\/668047","targetHints":{"allow":["GET"]}}],"collection":[{"href":"https:\/\/dimensionturistica.com\/es\/wp-json\/wp\/v2\/posts"}],"about":[{"href":"https:\/\/dimensionturistica.com\/es\/wp-json\/wp\/v2\/types\/post"}],"author":[{"embeddable":true,"href":"https:\/\/dimensionturistica.com\/es\/wp-json\/wp\/v2\/users\/2"}],"replies":[{"embeddable":true,"href":"https:\/\/dimensionturistica.com\/es\/wp-json\/wp\/v2\/comments?post=668047"}],"version-history":[{"count":0,"href":"https:\/\/dimensionturistica.com\/es\/wp-json\/wp\/v2\/posts\/668047\/revisions"}],"wp:featuredmedia":[{"embeddable":true,"href":"https:\/\/dimensionturistica.com\/es\/wp-json\/wp\/v2\/media\/668048"}],"wp:attachment":[{"href":"https:\/\/dimensionturistica.com\/es\/wp-json\/wp\/v2\/media?parent=668047"}],"wp:term":[{"taxonomy":"category","embeddable":true,"href":"https:\/\/dimensionturistica.com\/es\/wp-json\/wp\/v2\/categories?post=668047"},{"taxonomy":"post_tag","embeddable":true,"href":"https:\/\/dimensionturistica.com\/es\/wp-json\/wp\/v2\/tags?post=668047"}],"curies":[{"name":"wp","href":"https:\/\/api.w.org\/{rel}","templated":true}]}}