{"id":666821,"date":"2023-11-21T19:08:38","date_gmt":"2023-11-21T19:08:38","guid":{"rendered":"https:\/\/dimensionturistica.com\/es\/?p=666821"},"modified":"2023-11-21T19:08:38","modified_gmt":"2023-11-21T19:08:38","slug":"el-encanto-del-vuelo-descubriendo-la-magia-de-la-aviacion","status":"publish","type":"post","link":"https:\/\/dimensionturistica.com\/es\/el-encanto-del-vuelo-descubriendo-la-magia-de-la-aviacion\/","title":{"rendered":"El encanto del vuelo: descubriendo la magia de la aviaci\u00f3n"},"content":{"rendered":"<p>La magia de la aviaci\u00f3n: una experiencia \u00fanica en Puebla<\/p>\n<p>Puebla, conocida por su rica historia y arquitectura impresionante, ha dado un paso m\u00e1s all\u00e1 en el mundo del turismo al ofrecer una experiencia \u00fanica en la magia de la aviaci\u00f3n. En un esfuerzo por atraer a los viajeros con una fascinaci\u00f3n por el vuelo, el estado de Puebla ha inaugurado un innovador parque tem\u00e1tico centrado en la aviaci\u00f3n, que sin duda encantar\u00e1 a visitantes de todas las edades.<\/p>\n<p>El parque tem\u00e1tico cuenta con una amplia gama de atracciones que celebran la historia, la emoci\u00f3n y la maravilla del vuelo. Desde exhibiciones interactivas que exploran la evoluci\u00f3n de la aviaci\u00f3n, hasta simuladores de vuelo que permiten a los visitantes experimentar la emoci\u00f3n de pilotar una aeronave, el parque ofrece algo para todos.<\/p>\n<p>Adem\u00e1s de las emocionantes atracciones, el parque tambi\u00e9n alberga una colecci\u00f3n impresionante de aviones antiguos y modernos, que ofrecen a los visitantes la oportunidad de acercarse y apreciar estas m\u00e1quinas fascinantes desde una perspectiva \u00fanica.<\/p>\n<p>Pero la magia de la aviaci\u00f3n no termina en el parque tem\u00e1tico. Puebla tambi\u00e9n ofrece la oportunidad de experimentar el vuelo de primera mano, con empresas locales que ofrecen vuelos en globo aerost\u00e1tico sobre los hermosos paisajes del estado. Desde el majestuoso volc\u00e1n Popocat\u00e9ptl hasta los exuberantes valles y bosques, un paseo en globo aerost\u00e1tico proporciona una vista impresionante de la belleza natural de Puebla.<\/p>\n<p>Adem\u00e1s, los visitantes tambi\u00e9n pueden disfrutar de restaurantes tem\u00e1ticos, tiendas de souvenirs y eventos especiales que celebran la aviaci\u00f3n y su impacto en la historia y la cultura de Puebla.<\/p>\n<p>Con esta nueva incorporaci\u00f3n a su oferta tur\u00edstica, Puebla demuestra una vez m\u00e1s su capacidad de sorprender y encantar a sus visitantes. Ya sea que seas un entusiasta de la aviaci\u00f3n o simplemente busques una experiencia \u00fanica durante tu viaje, la magia de la aviaci\u00f3n en Puebla sin duda te dejar\u00e1 con recuerdos inolvidables. No te pierdas la oportunidad de vivir esta emocionante experiencia en tu pr\u00f3xima visita a este hermoso estado.<\/p>\n<p><em> &#8221; Sources sintesis.com.mx &#8221; <\/em><\/p>\n<p><em> &#8221; Sources sintesis.com.mx &#8221; <\/em><\/p>\n","protected":false},"excerpt":{"rendered":"<p>La magia de la aviaci\u00f3n: una experiencia \u00fanica en Puebla Puebla, conocida por su rica historia y arquitectura impresionante, ha dado un paso m\u00e1s all\u00e1 en el mundo del turismo al ofrecer una experiencia \u00fanica en la magia de la aviaci\u00f3n. En un esfuerzo por atraer a los viajeros con una fascinaci\u00f3n por el vuelo, [&hellip;]<\/p>\n","protected":false},"author":4,"featured_media":666822,"comment_status":"open","ping_status":"closed","sticky":false,"template":"","format":"standard","meta":{"om_disable_all_campaigns":false,"jnews-multi-image_gallery":[],"jnews_single_post":[],"jnews_primary_category":[],"jnews_social_meta":[],"footnotes":""},"categories":[40],"tags":[1654,122106],"class_list":["post-666821","post","type-post","status-publish","format-standard","has-post-thumbnail","hentry","category-industria","tag-aviacion","tag-la-magia-de-la-aviacion-magia"],"_links":{"self":[{"href":"https:\/\/dimensionturistica.com\/es\/wp-json\/wp\/v2\/posts\/666821","targetHints":{"allow":["GET"]}}],"collection":[{"href":"https:\/\/dimensionturistica.com\/es\/wp-json\/wp\/v2\/posts"}],"about":[{"href":"https:\/\/dimensionturistica.com\/es\/wp-json\/wp\/v2\/types\/post"}],"author":[{"embeddable":true,"href":"https:\/\/dimensionturistica.com\/es\/wp-json\/wp\/v2\/users\/4"}],"replies":[{"embeddable":true,"href":"https:\/\/dimensionturistica.com\/es\/wp-json\/wp\/v2\/comments?post=666821"}],"version-history":[{"count":0,"href":"https:\/\/dimensionturistica.com\/es\/wp-json\/wp\/v2\/posts\/666821\/revisions"}],"wp:featuredmedia":[{"embeddable":true,"href":"https:\/\/dimensionturistica.com\/es\/wp-json\/wp\/v2\/media\/666822"}],"wp:attachment":[{"href":"https:\/\/dimensionturistica.com\/es\/wp-json\/wp\/v2\/media?parent=666821"}],"wp:term":[{"taxonomy":"category","embeddable":true,"href":"https:\/\/dimensionturistica.com\/es\/wp-json\/wp\/v2\/categories?post=666821"},{"taxonomy":"post_tag","embeddable":true,"href":"https:\/\/dimensionturistica.com\/es\/wp-json\/wp\/v2\/tags?post=666821"}],"curies":[{"name":"wp","href":"https:\/\/api.w.org\/{rel}","templated":true}]}}