{"id":666629,"date":"2023-11-21T16:16:57","date_gmt":"2023-11-21T16:16:57","guid":{"rendered":"https:\/\/dimensionturistica.com\/es\/?p=666629"},"modified":"2023-11-21T16:16:57","modified_gmt":"2023-11-21T16:16:57","slug":"tequisquiapan-renueva-su-imagen-a-traves-de-tequis-te-quiere","status":"publish","type":"post","link":"https:\/\/dimensionturistica.com\/es\/tequisquiapan-renueva-su-imagen-a-traves-de-tequis-te-quiere\/","title":{"rendered":"Tequisquiapan renueva su imagen a trav\u00e9s de \u201cTequis te Quiere\u201d."},"content":{"rendered":"<p>\u201cTequis te Quiere\u201d es la marca con la que Tequisquiapan se renueva para mostrar al mundo las riquezas con las que cuenta este bello Pueblo M\u00e1gico; la presentaci\u00f3n de este nuevo producto es encabezada por la administraci\u00f3n municipal a cargo del alcalde Lic. Jos\u00e9 Antonio Mej\u00eda Lira, el Patronato de Desarrollo Tur\u00edstico, as\u00ed como la Secretar\u00eda de Turismo del estado de Quer\u00e9taro.<img decoding=\"async\" class=\" wp-image-666630 alignright\" src=\"https:\/\/dimensionturistica.com\/es\/wp-content\/uploads\/2023\/11\/7TEQUE-300x200.jpg\" alt=\"\" width=\"797\" height=\"531\" srcset=\"https:\/\/dimensionturistica.com\/es\/wp-content\/uploads\/2023\/11\/7TEQUE-300x200.jpg 300w, https:\/\/dimensionturistica.com\/es\/wp-content\/uploads\/2023\/11\/7TEQUE.jpg 600w\" sizes=\"(max-width: 797px) 100vw, 797px\" \/>La valiosa estrategia considera cuatro pilares importantes, a trav\u00e9s de los cuales, los visitantes vivir\u00e1n experiencias de acuerdo a sus gustos e intereses; la primera denominada \u201cVive\u201d, invita a los turistas a ser parte de las actividades que se pueden realizar en el destino como lo son realizar tours gastron\u00f3micos y viajes en globo, por mencionar algunos; el segundo se titula \u201cAmor\u201d, esto porque Tequisquiapan es mundialmente reconocido por su exquisito turismo de romance y organizaci\u00f3n de bodas teniendo como escenarios elegantes resorts y vi\u00f1edos de ensue\u00f1o.<\/p>\n<p>El tercero es \u201cVino y Queso\u201d, el cual impulsa el consumo de dichos productos gastron\u00f3micos que le han dado renombre internacional al Pueblo M\u00e1gico al ser sede de deliciosos quesos y vinos artesanales y fusiones culinarias; finalmente \u201cArte\u201d, gracias a que el municipio impulsa actividades culturales y es promotor de artesan\u00edas locales.<\/p>\n<p>Jos\u00e9 Antonio Mej\u00eda Lira, presidente municipal de Tequisquiapan, destac\u00f3 la participaci\u00f3n del Patronato de Desarrollo Tur\u00edstico por su visi\u00f3n, planeaci\u00f3n y organizaci\u00f3n en este proyecto en favor de Tequisquiapan y de<img decoding=\"async\" class=\" wp-image-666631 alignright\" src=\"https:\/\/dimensionturistica.com\/es\/wp-content\/uploads\/2023\/11\/1TEQUE-300x200.jpg\" alt=\"\" width=\"798\" height=\"532\" srcset=\"https:\/\/dimensionturistica.com\/es\/wp-content\/uploads\/2023\/11\/1TEQUE-300x200.jpg 300w, https:\/\/dimensionturistica.com\/es\/wp-content\/uploads\/2023\/11\/1TEQUE.jpg 600w\" sizes=\"(max-width: 798px) 100vw, 798px\" \/> Quer\u00e9taro. \u201cEl Patronato es un \u00f3rgano que coordina, propone y consensa\u201d; adem\u00e1s, mencion\u00f3 que ha sido un gobierno incluyente donde se ha fortalecido la participaci\u00f3n ciudadana y se ha dado especial atenci\u00f3n a los prestadores de servicios, quienes son el motor fundamental de la actividad tur\u00edstica de la regi\u00f3n, ya que el 65% de los habitantes dependen del turismo. As\u00ed mismo, invit\u00f3 a los asistentes a descubrir Tequisquiapan, sus ofertas, su diversidad y basta riqueza, adem\u00e1s de la calidad de sus servicios.<\/p>\n<p>Loni Lyons, miembro del Patronato de Desarrollo Tur\u00edstico present\u00f3 la estrategia utilizada para la marca Tequis Te Quiere. \u201cTequisquiapan es mucho m\u00e1s de lo que ustedes sab\u00edan, por lo que necesit\u00e1bamos una marca para reflejar lo que somos y una campa\u00f1a de publicidad que hoy compartimos con ustedes\u201d. Indic\u00f3 que la campa\u00f1a est\u00e1 presente en una frase: \u201cVive el amor entre queso, vino y arte\u201d; esa frase resume nuestra plataforma estrat\u00e9gica de mostrar Tequisquiapan; es lo que somos y lo que queremos proyectar al resto del mundo.<\/p>\n<p>Lyons comparti\u00f3 los cuatro pilares que forman la campa\u00f1a: Vive es una invitaci\u00f3n apasionada que incluye<img decoding=\"async\" class=\" wp-image-666632 alignright\" src=\"https:\/\/dimensionturistica.com\/es\/wp-content\/uploads\/2023\/11\/2TEQUE-300x200.jpg\" alt=\"\" width=\"797\" height=\"531\" srcset=\"https:\/\/dimensionturistica.com\/es\/wp-content\/uploads\/2023\/11\/2TEQUE-300x200.jpg 300w, https:\/\/dimensionturistica.com\/es\/wp-content\/uploads\/2023\/11\/2TEQUE.jpg 600w\" sizes=\"(max-width: 797px) 100vw, 797px\" \/> experiencias intensas como tranquilas; Amor indica el amor que se vive en Tequisquiapan con sus seres queridos; Vino y Queso son dos palabras que nos hacen referencia a nuestra gran propuesta gastron\u00f3mica y Arte, ya que tenemos una gran comunidad de artistas y artesanos, as\u00ed como proyectos culturales de baile y m\u00fasica\u201d. As\u00ed mismo, se refiri\u00f3 a Tequisquiapan como el mejor secreto guardado de M\u00e9xico al tener una robusta propuesta tur\u00edstica.<\/p>\n<p>Por otra parte, Lorena Cabrera, directora del Patronato de Desarrollo Tur\u00edstico, comparti\u00f3 que \u201cTequis tiene una nueva imagen, nuevas actividades, nueva cara y una nueva marca, Tequis Te Quiere. Estamos muy agradecidos de que nos ayuden a difundir esta nueva marca, es una marca que hemos trabajado con el coraz\u00f3n\u201d. Destac\u00f3 que es una nueva oportunidad de negocios gracias a sus caracter\u00edsticas; \u201cestamos a 25 minutos del Aeropuerto Internacional de Quer\u00e9taro con una conectividad de al menos 5 vuelos al d\u00eda a destinos como Dallas, San Antonio, Texas, Atlanta, Mc Allen, y a hubs como Puerto Vallarta, Ciudad de M\u00e9xico y Monterrey; estamos a 2 horas de la<\/p>\n<p>Ciudad de M\u00e9xico; somos de los pocos y afortunados que podemos presumir la seguridad de nuestro destino. \u201cEn Tequisquiapan estamos muy orgullosos de nuestras tradiciones y nuestras fiestas locales, es algo que estamos dispuestos a presumir porque hemos sabido preservarlos. Contamos con actividades al aire libre de<img decoding=\"async\" class=\" wp-image-666633 alignright\" src=\"https:\/\/dimensionturistica.com\/es\/wp-content\/uploads\/2023\/11\/5TYEQUE-300x200.jpg\" alt=\"\" width=\"797\" height=\"531\" srcset=\"https:\/\/dimensionturistica.com\/es\/wp-content\/uploads\/2023\/11\/5TYEQUE-300x200.jpg 300w, https:\/\/dimensionturistica.com\/es\/wp-content\/uploads\/2023\/11\/5TYEQUE.jpg 600w\" sizes=\"(max-width: 797px) 100vw, 797px\" \/> todo tipo; cabalgatas, racers, entre otros, adem\u00e1s de una gastronom\u00eda incre\u00edble; variedad de hospedaje\u201d, indic\u00f3 la directora del Patronato. Tequis tiene todo para consolidarse como mejor destino sin playa del pa\u00eds, concluy\u00f3.<\/p>\n<p>En representaci\u00f3n de la secretaria de turismo del estado de Quer\u00e9taro, Adriana Vega V\u00e1zquez Mellado, Erika Contreras, coordinadora de proyectos especiales de SECTUR, reconoci\u00f3 la importancia que representa para el municipio de Tequisquiapan la atracci\u00f3n de visitantes. \u201cHoy nuestro Pueblo M\u00e1gico de Tequisquiapan da un paso adelante para avanzar al siguiente nivel como destino tur\u00edstico m\u00e1s competitivo, uno que enamore, que invite a viajeros a disfrutar toda la belleza y calidez de este lugar. Tequis Te Quiere no solo es una marca de imagen tur\u00edstica, es una promesa, una declaraci\u00f3n de intenciones; representa valores fundamentales de calidez, amistad y amor por nuestra rica cultura y tradiciones\u201d. A\u00f1adi\u00f3 que es un destino que est\u00e1 atrayendo importantes inversiones en materia tur\u00edstica y que capta cerca de 500 mdp como derrama econ\u00f3mica de visitantes.<\/p>\n<p>La conveniente ubicaci\u00f3n de Tequisquiapan, a solo unas horas de la Ciudad de M\u00e9xico, permite disfrutar del contraste entre la tranquilidad de este destino y la cotidianidad de la metr\u00f3poli, por lo que uno se puede desconectar de la rutina y sumergirse en un ambiente relajado y aut\u00e9ntico.<\/p>\n","protected":false},"excerpt":{"rendered":"<p>\u201cTequis te Quiere\u201d es la marca con la que Tequisquiapan se renueva para mostrar al mundo las riquezas con las que cuenta este bello Pueblo M\u00e1gico; la presentaci\u00f3n de este nuevo producto es encabezada por la administraci\u00f3n municipal a cargo del alcalde Lic. Jos\u00e9 Antonio Mej\u00eda Lira, el Patronato de Desarrollo Tur\u00edstico, as\u00ed como la [&hellip;]<\/p>\n","protected":false},"author":1,"featured_media":666634,"comment_status":"open","ping_status":"closed","sticky":false,"template":"","format":"standard","meta":{"om_disable_all_campaigns":false,"jnews-multi-image_gallery":[],"jnews_single_post":{"source_name":"","source_url":"","via_name":"","via_url":"","override_template":"0","override":[{"template":"1","single_blog_custom":"","parallax":"1","fullscreen":"1","layout":"right-sidebar","sidebar":"default-sidebar","second_sidebar":"default-sidebar","sticky_sidebar":"1","share_position":"top","share_float_style":"share-monocrhome","show_share_counter":"1","show_view_counter":"1","show_featured":"1","show_post_meta":"1","show_post_author":"1","show_post_author_image":"1","show_post_date":"1","post_date_format":"default","post_date_format_custom":"Y\/m\/d","show_post_category":"1","show_post_reading_time":"0","post_reading_time_wpm":"300","show_zoom_button":"0","zoom_button_out_step":"2","zoom_button_in_step":"3","show_post_tag":"1","show_prev_next_post":"1","show_popup_post":"1","number_popup_post":"1","show_author_box":"0","show_post_related":"0","show_inline_post_related":"0"}],"override_image_size":"0","image_override":[{"single_post_thumbnail_size":"crop-500","single_post_gallery_size":"crop-500"}],"trending_post":"0","trending_post_position":"meta","trending_post_label":"Trending","sponsored_post":"0","sponsored_post_label":"Sponsored by","sponsored_post_name":"","sponsored_post_url":"","sponsored_post_logo_enable":"0","sponsored_post_logo":"","sponsored_post_desc":"","disable_ad":"0"},"jnews_primary_category":{"id":"","hide":""},"jnews_social_meta":{"fb_title":"","fb_description":"","fb_image":"","twitter_title":"","twitter_description":"","twitter_image":""},"footnotes":""},"categories":[39],"tags":[],"class_list":["post-666629","post","type-post","status-publish","format-standard","has-post-thumbnail","hentry","category-viajes"],"_links":{"self":[{"href":"https:\/\/dimensionturistica.com\/es\/wp-json\/wp\/v2\/posts\/666629","targetHints":{"allow":["GET"]}}],"collection":[{"href":"https:\/\/dimensionturistica.com\/es\/wp-json\/wp\/v2\/posts"}],"about":[{"href":"https:\/\/dimensionturistica.com\/es\/wp-json\/wp\/v2\/types\/post"}],"author":[{"embeddable":true,"href":"https:\/\/dimensionturistica.com\/es\/wp-json\/wp\/v2\/users\/1"}],"replies":[{"embeddable":true,"href":"https:\/\/dimensionturistica.com\/es\/wp-json\/wp\/v2\/comments?post=666629"}],"version-history":[{"count":0,"href":"https:\/\/dimensionturistica.com\/es\/wp-json\/wp\/v2\/posts\/666629\/revisions"}],"wp:featuredmedia":[{"embeddable":true,"href":"https:\/\/dimensionturistica.com\/es\/wp-json\/wp\/v2\/media\/666634"}],"wp:attachment":[{"href":"https:\/\/dimensionturistica.com\/es\/wp-json\/wp\/v2\/media?parent=666629"}],"wp:term":[{"taxonomy":"category","embeddable":true,"href":"https:\/\/dimensionturistica.com\/es\/wp-json\/wp\/v2\/categories?post=666629"},{"taxonomy":"post_tag","embeddable":true,"href":"https:\/\/dimensionturistica.com\/es\/wp-json\/wp\/v2\/tags?post=666629"}],"curies":[{"name":"wp","href":"https:\/\/api.w.org\/{rel}","templated":true}]}}