{"id":666285,"date":"2023-11-21T09:20:38","date_gmt":"2023-11-21T09:20:38","guid":{"rendered":"https:\/\/dimensionturistica.com\/es\/?p=666285"},"modified":"2023-11-21T09:20:38","modified_gmt":"2023-11-21T09:20:38","slug":"el-municipio-isla-espanol-bordeado-por-francia","status":"publish","type":"post","link":"https:\/\/dimensionturistica.com\/es\/el-municipio-isla-espanol-bordeado-por-francia\/","title":{"rendered":"El municipio-isla espa\u00f1ol bordeado por Francia"},"content":{"rendered":"<p>En el coraz\u00f3n de los Pirineos, entre monta\u00f1as y r\u00edos, se encuentra un lugar \u00fanico en el mundo: un pintoresco pueblo espa\u00f1ol rodeado por territorio franc\u00e9s. Se trata de un destino m\u00e1gico que desaf\u00eda las fronteras y ofrece una experiencia inigualable para aquellos que buscan aventuras fuera de lo com\u00fan.<\/p>\n<p>Ubicado en la comarca de Cerdanya, este pueblo es conocido por su singularidad geogr\u00e1fica, ya que se encuentra enclavado en territorio espa\u00f1ol pero rodeado por Francia, lo que le otorga un car\u00e1cter especial y una atm\u00f3sfera fascinante. Los habitantes de esta localidad tienen la particularidad de atravesar la frontera con Francia cada vez que salen de su pueblo, a\u00f1adiendo un toque de misterio a su d\u00eda a d\u00eda.<\/p>\n<p>El entorno natural que rodea a este pueblo es simplemente impresionante. Con majestuosas monta\u00f1as cubiertas de nieve en invierno y exuberantes prados verdes en verano, es un destino ideal para los amantes del turismo activo. Senderismo, esqu\u00ed, monta\u00f1ismo y ciclismo son solo algunas de las actividades que se pueden disfrutar en este para\u00edso alpino.<\/p>\n<p>Adem\u00e1s, la rica historia y cultura de esta regi\u00f3n no dejan de sorprender a sus visitantes. Con influencias tanto espa\u00f1olas como francesas, la gastronom\u00eda local es una delicia para el paladar, fusionando lo mejor de ambas tradiciones culinarias. Los pueblos cercanos ofrecen encantadoras ferias y festivales que reflejan la rica herencia cultural de la zona.<\/p>\n<p>Sin duda, este lugar es perfecto para los viajeros que buscan experiencias aut\u00e9nticas y fuera de lo com\u00fan. La sensaci\u00f3n de estar en dos pa\u00edses al mismo tiempo, la belleza natural de los Pirineos y la riqueza cultural de la regi\u00f3n hacen de este pueblo un destino verdaderamente \u00fanico e inolvidable.<\/p>\n<p>As\u00ed que si est\u00e1s buscando un destino tur\u00edstico que desaf\u00ede tus expectativas y te permita explorar un lugar donde las fronteras se difuminan, este pintoresco pueblo espa\u00f1ol rodeado por Francia es el lugar perfecto para tu pr\u00f3xima aventura. \u00a1Descubre la magia de este enclave singular y d\u00e9jate cautivar por su belleza y misterio!<\/p>\n<p><em> &#8221; Sources viajes.nationalgeographic.com.es &#8221; <\/em><\/p>\n<p><em> &#8221; Fuentes viajes.nationalgeographic.com.es &#8221; <\/em><\/p>\n","protected":false},"excerpt":{"rendered":"<p>En el coraz\u00f3n de los Pirineos, entre monta\u00f1as y r\u00edos, se encuentra un lugar \u00fanico en el mundo: un pintoresco pueblo espa\u00f1ol rodeado por territorio franc\u00e9s. Se trata de un destino m\u00e1gico que desaf\u00eda las fronteras y ofrece una experiencia inigualable para aquellos que buscan aventuras fuera de lo com\u00fan. Ubicado en la comarca de [&hellip;]<\/p>\n","protected":false},"author":4,"featured_media":666286,"comment_status":"open","ping_status":"closed","sticky":false,"template":"","format":"standard","meta":{"om_disable_all_campaigns":false,"jnews-multi-image_gallery":[],"jnews_single_post":[],"jnews_primary_category":[],"jnews_social_meta":[],"footnotes":""},"categories":[39],"tags":[710,5683,6643,5686,2189,121893,545],"class_list":["post-666285","post","type-post","status-publish","format-standard","has-post-thumbnail","hentry","category-viajes","tag-ciencia","tag-geographic","tag-historia","tag-national","tag-naturaleza","tag-returns-a-comma-separated-list-of-tags-for-this-title-el-pueblo-isla-de-espana-rodeado-por-francia-do-not-enter-the-author-or-source-of-the-article","tag-viajes"],"_links":{"self":[{"href":"https:\/\/dimensionturistica.com\/es\/wp-json\/wp\/v2\/posts\/666285","targetHints":{"allow":["GET"]}}],"collection":[{"href":"https:\/\/dimensionturistica.com\/es\/wp-json\/wp\/v2\/posts"}],"about":[{"href":"https:\/\/dimensionturistica.com\/es\/wp-json\/wp\/v2\/types\/post"}],"author":[{"embeddable":true,"href":"https:\/\/dimensionturistica.com\/es\/wp-json\/wp\/v2\/users\/4"}],"replies":[{"embeddable":true,"href":"https:\/\/dimensionturistica.com\/es\/wp-json\/wp\/v2\/comments?post=666285"}],"version-history":[{"count":0,"href":"https:\/\/dimensionturistica.com\/es\/wp-json\/wp\/v2\/posts\/666285\/revisions"}],"wp:featuredmedia":[{"embeddable":true,"href":"https:\/\/dimensionturistica.com\/es\/wp-json\/wp\/v2\/media\/666286"}],"wp:attachment":[{"href":"https:\/\/dimensionturistica.com\/es\/wp-json\/wp\/v2\/media?parent=666285"}],"wp:term":[{"taxonomy":"category","embeddable":true,"href":"https:\/\/dimensionturistica.com\/es\/wp-json\/wp\/v2\/categories?post=666285"},{"taxonomy":"post_tag","embeddable":true,"href":"https:\/\/dimensionturistica.com\/es\/wp-json\/wp\/v2\/tags?post=666285"}],"curies":[{"name":"wp","href":"https:\/\/api.w.org\/{rel}","templated":true}]}}