{"id":666161,"date":"2023-11-21T05:18:36","date_gmt":"2023-11-21T05:18:36","guid":{"rendered":"https:\/\/dimensionturistica.com\/es\/?p=666161"},"modified":"2023-11-21T05:18:36","modified_gmt":"2023-11-21T05:18:36","slug":"la-critica-de-xochitl-galvez-hacia-claudia-sheinbaum-su-actitud-equivale-a-rendirse","status":"publish","type":"post","link":"https:\/\/dimensionturistica.com\/es\/la-critica-de-xochitl-galvez-hacia-claudia-sheinbaum-su-actitud-equivale-a-rendirse\/","title":{"rendered":"La cr\u00edtica de X\u00f3chitl G\u00e1lvez hacia Claudia Sheinbaum: su actitud equivale a rendirse"},"content":{"rendered":"<p>La Ciudad de M\u00e9xico se ha convertido en uno de los destinos tur\u00edsticos m\u00e1s populares en Am\u00e9rica Latina, atrayendo a millones de visitantes cada a\u00f1o con su rica historia, cultura vibrante y una escena gastron\u00f3mica en constante evoluci\u00f3n. Sin embargo, recientemente la ciudad ha estado en el centro de la atenci\u00f3n pol\u00edtica, con una nueva pol\u00e9mica entre dos de las figuras m\u00e1s prominentes en la escena p\u00fablica.<\/p>\n<p>X\u00f3chitl, una figura pol\u00edtica emergente, ha lanzado duras cr\u00edticas contra la actual jefa de gobierno, Claudia Sheinbaum, desencadenando un debate que sin duda influir\u00e1 en el futuro de la ciudad. Este enfrentamiento ha llamado la atenci\u00f3n de locales y extranjeros por igual, que observan con inter\u00e9s c\u00f3mo se desarrolla esta contienda pol\u00edtica en una de las ciudades m\u00e1s grandes del mundo.<\/p>\n<p>M\u00e1s all\u00e1 de la controversia pol\u00edtica, la Ciudad de M\u00e9xico sigue siendo un destino tur\u00edstico emocionante y diverso. Los visitantes pueden disfrutar de impresionantes sitios arqueol\u00f3gicos, como la famosa Pir\u00e1mide del Sol en Teotihuac\u00e1n, o explorar barrios coloridos como Coyoac\u00e1n y La Condesa. La escena art\u00edstica de la ciudad tambi\u00e9n es digna de menci\u00f3n, con una amplia gama de museos que van desde el m\u00edtico Museo Frida Kahlo hasta el innovador Museo Soumaya.<\/p>\n<p>Por supuesto, un viaje a la Ciudad de M\u00e9xico no estar\u00eda completo sin probar la deliciosa cocina local. Desde los puestos callejeros que ofrecen tacos y tamales hasta los restaurantes de alta cocina que sirven platillos elaborados con ingredientes tradicionales, los visitantes pueden disfrutar de una experiencia culinaria \u00fanica y sabrosa.<\/p>\n<p>A pesar de las tensiones pol\u00edticas actuales, los visitantes no deben perder la oportunidad de descubrir todo lo que la Ciudad de M\u00e9xico tiene para ofrecer. La ciudad sigue siendo un lugar fascinante y din\u00e1mico, y la pol\u00e9mica actual solo a\u00f1ade un elemento m\u00e1s intrigante a la experiencia de visitar este destino tur\u00edstico \u00fanico.<\/p>\n<p><em> &#8221; Sources politica.expansion.mx &#8221; <\/em><\/p>\n<p><em> &#8221; Fuentes politica.expansion.mx &#8221; <\/em><\/p>\n","protected":false},"excerpt":{"rendered":"<p>La Ciudad de M\u00e9xico se ha convertido en uno de los destinos tur\u00edsticos m\u00e1s populares en Am\u00e9rica Latina, atrayendo a millones de visitantes cada a\u00f1o con su rica historia, cultura vibrante y una escena gastron\u00f3mica en constante evoluci\u00f3n. Sin embargo, recientemente la ciudad ha estado en el centro de la atenci\u00f3n pol\u00edtica, con una nueva [&hellip;]<\/p>\n","protected":false},"author":4,"featured_media":666162,"comment_status":"open","ping_status":"closed","sticky":false,"template":"","format":"standard","meta":{"om_disable_all_campaigns":false,"jnews-multi-image_gallery":[],"jnews_single_post":[],"jnews_primary_category":[],"jnews_social_meta":[],"footnotes":""},"categories":[39],"tags":[121777,2142,121782,121778,121781,121779,121780],"class_list":["post-666161","post","type-post","status-publish","format-standard","has-post-thumbnail","hentry","category-viajes","tag-eleccione-2024","tag-elecciones","tag-returns-a-comma-separated-list-of-tags-for-this-title-xochitl-galvez-se-lanza-contra-claudia-sheinbaum-ella-significa-claudicar-do-not-enter-the-author-or-source-of-the-article","tag-xochitl-galvez-damnificados","tag-xochitl-galvez-marcha-de-la-esperanza","tag-xochitl-galvez-presidencial-2024","tag-xochitl-lucro-politico"],"_links":{"self":[{"href":"https:\/\/dimensionturistica.com\/es\/wp-json\/wp\/v2\/posts\/666161","targetHints":{"allow":["GET"]}}],"collection":[{"href":"https:\/\/dimensionturistica.com\/es\/wp-json\/wp\/v2\/posts"}],"about":[{"href":"https:\/\/dimensionturistica.com\/es\/wp-json\/wp\/v2\/types\/post"}],"author":[{"embeddable":true,"href":"https:\/\/dimensionturistica.com\/es\/wp-json\/wp\/v2\/users\/4"}],"replies":[{"embeddable":true,"href":"https:\/\/dimensionturistica.com\/es\/wp-json\/wp\/v2\/comments?post=666161"}],"version-history":[{"count":0,"href":"https:\/\/dimensionturistica.com\/es\/wp-json\/wp\/v2\/posts\/666161\/revisions"}],"wp:featuredmedia":[{"embeddable":true,"href":"https:\/\/dimensionturistica.com\/es\/wp-json\/wp\/v2\/media\/666162"}],"wp:attachment":[{"href":"https:\/\/dimensionturistica.com\/es\/wp-json\/wp\/v2\/media?parent=666161"}],"wp:term":[{"taxonomy":"category","embeddable":true,"href":"https:\/\/dimensionturistica.com\/es\/wp-json\/wp\/v2\/categories?post=666161"},{"taxonomy":"post_tag","embeddable":true,"href":"https:\/\/dimensionturistica.com\/es\/wp-json\/wp\/v2\/tags?post=666161"}],"curies":[{"name":"wp","href":"https:\/\/api.w.org\/{rel}","templated":true}]}}