{"id":664181,"date":"2023-11-19T07:01:55","date_gmt":"2023-11-19T07:01:55","guid":{"rendered":"https:\/\/dimensionturistica.com\/es\/?p=664181"},"modified":"2023-11-19T07:01:55","modified_gmt":"2023-11-19T07:01:55","slug":"los-europeos-realizaron-un-record-de-viajes-en-2022-superando-los-mil-millones","status":"publish","type":"post","link":"https:\/\/dimensionturistica.com\/es\/los-europeos-realizaron-un-record-de-viajes-en-2022-superando-los-mil-millones\/","title":{"rendered":"Los europeos realizaron un r\u00e9cord de viajes en 2022, superando los mil millones"},"content":{"rendered":"<p>En 2022, m\u00e1s de mil millones de viajes fueron realizados por europeos, lo que representa un incremento significativo en comparaci\u00f3n con a\u00f1os anteriores. Esta noticia sin duda demuestra que el turismo sigue siendo una de las industrias m\u00e1s importantes y activas en el continente europeo.<\/p>\n<p>Esta cifra r\u00e9cord de viajes es una clara se\u00f1al de que la gente est\u00e1 ansiosa por explorar nuevos destinos, sumergirse en diferentes culturas y disfrutar de experiencias \u00fanicas en todo el mundo. A pesar de los desaf\u00edos que el sector tur\u00edstico ha enfrentado en los \u00faltimos a\u00f1os, los europeos siguen demostrando su pasi\u00f3n por viajar.<\/p>\n<p>Pero, \u00bfqu\u00e9 es lo que hace que los europeos est\u00e9n tan ansiosos por viajar? Sin duda, el continente europeo es conocido por su diversidad cultural, su rica historia, su deliciosa gastronom\u00eda y sus impresionantes paisajes. Desde las hermosas playas del Mediterr\u00e1neo hasta las majestuosas monta\u00f1as de los Alpes, Europa ofrece una amplia gama de destinos que satisfacen los gustos y preferencias de todo tipo de viajeros.<\/p>\n<p>Adem\u00e1s, el continente cuenta con una excelente red de transporte, lo que facilita el desplazamiento de un lugar a otro. Ya sea en tren, avi\u00f3n o autob\u00fas, los europeos tienen la oportunidad de recorrer grandes distancias de manera r\u00e1pida y c\u00f3moda, lo que les permite disfrutar al m\u00e1ximo de su tiempo de vacaciones.<\/p>\n<p>Otro factor que influye en el aumento de los viajes en Europa es la creciente importancia de la sostenibilidad y el turismo responsable. Cada vez m\u00e1s viajeros est\u00e1n optando por destinos que promueven pr\u00e1cticas sostenibles y respetuosas con el medio ambiente, as\u00ed como por alojamientos y actividades que se comprometen con la conservaci\u00f3n de la naturaleza y la cultura local.<\/p>\n<p>En resumen, el aumento de viajes por parte de los europeos en 2022 es una clara muestra de la pasi\u00f3n y el inter\u00e9s continuo por el turismo. A medida que el mundo se recupera de la pandemia, es reconfortante ver c\u00f3mo las personas est\u00e1n ansiosas por volver a viajar y explorar el mundo. Sin duda, este es un recordatorio de que el deseo de viajar y descubrir nuevos horizontes sigue siendo una parte fundamental de la experiencia humana.<\/p>\n<p><em> &#8221; Sources www.expreso.info &#8221; <\/em><\/p>\n<p><em> &#8221; Fuentes www.expreso.info &#8221; <\/em><\/p>\n","protected":false},"excerpt":{"rendered":"<p>En 2022, m\u00e1s de mil millones de viajes fueron realizados por europeos, lo que representa un incremento significativo en comparaci\u00f3n con a\u00f1os anteriores. Esta noticia sin duda demuestra que el turismo sigue siendo una de las industrias m\u00e1s importantes y activas en el continente europeo. Esta cifra r\u00e9cord de viajes es una clara se\u00f1al de [&hellip;]<\/p>\n","protected":false},"author":4,"featured_media":664182,"comment_status":"open","ping_status":"closed","sticky":false,"template":"","format":"standard","meta":{"om_disable_all_campaigns":false,"jnews-multi-image_gallery":[],"jnews_single_post":[],"jnews_primary_category":[],"jnews_social_meta":[],"footnotes":""},"categories":[39],"tags":[9241,2924,1653,544,1861,790,545],"class_list":["post-664181","post","type-post","status-publish","format-standard","has-post-thumbnail","hentry","category-viajes","tag-9241","tag-estadisticas","tag-europa","tag-turismo","tag-vacaciones","tag-viajar","tag-viajes"],"_links":{"self":[{"href":"https:\/\/dimensionturistica.com\/es\/wp-json\/wp\/v2\/posts\/664181","targetHints":{"allow":["GET"]}}],"collection":[{"href":"https:\/\/dimensionturistica.com\/es\/wp-json\/wp\/v2\/posts"}],"about":[{"href":"https:\/\/dimensionturistica.com\/es\/wp-json\/wp\/v2\/types\/post"}],"author":[{"embeddable":true,"href":"https:\/\/dimensionturistica.com\/es\/wp-json\/wp\/v2\/users\/4"}],"replies":[{"embeddable":true,"href":"https:\/\/dimensionturistica.com\/es\/wp-json\/wp\/v2\/comments?post=664181"}],"version-history":[{"count":0,"href":"https:\/\/dimensionturistica.com\/es\/wp-json\/wp\/v2\/posts\/664181\/revisions"}],"wp:featuredmedia":[{"embeddable":true,"href":"https:\/\/dimensionturistica.com\/es\/wp-json\/wp\/v2\/media\/664182"}],"wp:attachment":[{"href":"https:\/\/dimensionturistica.com\/es\/wp-json\/wp\/v2\/media?parent=664181"}],"wp:term":[{"taxonomy":"category","embeddable":true,"href":"https:\/\/dimensionturistica.com\/es\/wp-json\/wp\/v2\/categories?post=664181"},{"taxonomy":"post_tag","embeddable":true,"href":"https:\/\/dimensionturistica.com\/es\/wp-json\/wp\/v2\/tags?post=664181"}],"curies":[{"name":"wp","href":"https:\/\/api.w.org\/{rel}","templated":true}]}}