{"id":663053,"date":"2023-11-17T23:10:57","date_gmt":"2023-11-17T23:10:57","guid":{"rendered":"https:\/\/dimensionturistica.com\/es\/?p=663053"},"modified":"2023-11-17T23:10:57","modified_gmt":"2023-11-17T23:10:57","slug":"copa-airlines-conmemora-treinta-anos-de-operaciones-en-ecuador","status":"publish","type":"post","link":"https:\/\/dimensionturistica.com\/es\/copa-airlines-conmemora-treinta-anos-de-operaciones-en-ecuador\/","title":{"rendered":"Copa Airlines conmemora treinta a\u00f1os de operaciones en Ecuador"},"content":{"rendered":"<p>Copa Airlines celebra tres d\u00e9cadas en Ecuador<\/p>\n<p>La reconocida aerol\u00ednea Copa Airlines celebra este a\u00f1o tres d\u00e9cadas de operaciones en Ecuador, consolid\u00e1ndose como una de las opciones preferidas para los viajeros que desean conectar con otros destinos de Am\u00e9rica y el resto del mundo.<\/p>\n<p>Con una historia de \u00e9xito y crecimiento, la aerol\u00ednea paname\u00f1a ha logrado posicionarse como una de las m\u00e1s importantes en el mercado de transporte a\u00e9reo en la regi\u00f3n. Su compromiso con la excelencia en el servicio al cliente y la eficiencia en sus operaciones la han convertido en una de las favoritas para los viajeros ecuatorianos.<\/p>\n<p>Copa Airlines inici\u00f3 sus operaciones en Ecuador en 1991 y desde entonces ha mantenido una presencia constante, ofreciendo vuelos desde Quito y Guayaquil hacia destinos internacionales como Miami, Nueva York, Los \u00c1ngeles, Ciudad de M\u00e9xico, Sao Paulo, Buenos Aires, entre otros.<\/p>\n<p>La aerol\u00ednea ha sido reconocida en m\u00faltiples ocasiones por su puntualidad y calidad en el servicio, lo que la ha convertido en una de las m\u00e1s destacadas en la regi\u00f3n. Adem\u00e1s, Copa Airlines se ha enfocado en brindar una experiencia de viaje completa, con modernas aeronaves, entretenimiento a bordo, y opciones gastron\u00f3micas que reflejan la diversidad de destinos a los que conecta.<\/p>\n<p>Adem\u00e1s del compromiso con sus pasajeros, Copa Airlines ha demostrado su responsabilidad social y ambiental, participando en iniciativas que buscan el desarrollo sostenible de las comunidades donde opera y la reducci\u00f3n de su impacto ambiental.<\/p>\n<p>En el marco de su aniversario, la aerol\u00ednea ha anunciado la implementaci\u00f3n de nuevas rutas y la modernizaci\u00f3n de su flota, lo que representa una excelente noticia para los viajeros ecuatorianos que ven en Copa Airlines una opci\u00f3n confiable y eficiente para sus desplazamientos.<\/p>\n<p>Sin duda, el \u00e9xito de Copa Airlines en Ecuador es motivo de celebraci\u00f3n para la aerol\u00ednea, pero tambi\u00e9n para todos los viajeros que han confiado en su servicio a lo largo de estos 30 a\u00f1os. Con un futuro prometedor y un compromiso inquebrantable con la satisfacci\u00f3n del cliente, Copa Airlines contin\u00faa consolid\u00e1ndose como una de las mejores opciones para volar desde y hacia Ecuador.<\/p>\n<p><em> &#8221; Sources www.expreso.ec &#8221; <\/em><\/p>\n<p><em> &#8221; Sources www.expreso.ec &#8221; <\/em><\/p>\n","protected":false},"excerpt":{"rendered":"<p>Copa Airlines celebra tres d\u00e9cadas en Ecuador La reconocida aerol\u00ednea Copa Airlines celebra este a\u00f1o tres d\u00e9cadas de operaciones en Ecuador, consolid\u00e1ndose como una de las opciones preferidas para los viajeros que desean conectar con otros destinos de Am\u00e9rica y el resto del mundo. Con una historia de \u00e9xito y crecimiento, la aerol\u00ednea paname\u00f1a ha [&hellip;]<\/p>\n","protected":false},"author":4,"featured_media":663054,"comment_status":"open","ping_status":"closed","sticky":false,"template":"","format":"standard","meta":{"om_disable_all_campaigns":false,"jnews-multi-image_gallery":[],"jnews_single_post":[],"jnews_primary_category":[],"jnews_social_meta":[],"footnotes":""},"categories":[40],"tags":[1820,10210,1118,1745,2448,7681,6725,13243,2143,598],"class_list":["post-663053","post","type-post","status-publish","format-standard","has-post-thumbnail","hentry","category-industria","tag-aerolinea","tag-airlines","tag-aniversario","tag-celebra","tag-celebracion","tag-copa","tag-copa-airlines","tag-decadas","tag-ecuador","tag-tres"],"_links":{"self":[{"href":"https:\/\/dimensionturistica.com\/es\/wp-json\/wp\/v2\/posts\/663053","targetHints":{"allow":["GET"]}}],"collection":[{"href":"https:\/\/dimensionturistica.com\/es\/wp-json\/wp\/v2\/posts"}],"about":[{"href":"https:\/\/dimensionturistica.com\/es\/wp-json\/wp\/v2\/types\/post"}],"author":[{"embeddable":true,"href":"https:\/\/dimensionturistica.com\/es\/wp-json\/wp\/v2\/users\/4"}],"replies":[{"embeddable":true,"href":"https:\/\/dimensionturistica.com\/es\/wp-json\/wp\/v2\/comments?post=663053"}],"version-history":[{"count":0,"href":"https:\/\/dimensionturistica.com\/es\/wp-json\/wp\/v2\/posts\/663053\/revisions"}],"wp:featuredmedia":[{"embeddable":true,"href":"https:\/\/dimensionturistica.com\/es\/wp-json\/wp\/v2\/media\/663054"}],"wp:attachment":[{"href":"https:\/\/dimensionturistica.com\/es\/wp-json\/wp\/v2\/media?parent=663053"}],"wp:term":[{"taxonomy":"category","embeddable":true,"href":"https:\/\/dimensionturistica.com\/es\/wp-json\/wp\/v2\/categories?post=663053"},{"taxonomy":"post_tag","embeddable":true,"href":"https:\/\/dimensionturistica.com\/es\/wp-json\/wp\/v2\/tags?post=663053"}],"curies":[{"name":"wp","href":"https:\/\/api.w.org\/{rel}","templated":true}]}}