{"id":659194,"date":"2023-11-08T18:12:04","date_gmt":"2023-11-08T18:12:04","guid":{"rendered":"https:\/\/dimensionturistica.com\/es\/?p=659194"},"modified":"2023-11-08T18:12:04","modified_gmt":"2023-11-08T18:12:04","slug":"el-desafio-de-montes-para-2024-reducir-la-estacionalidad-del-turismo","status":"publish","type":"post","link":"https:\/\/dimensionturistica.com\/es\/el-desafio-de-montes-para-2024-reducir-la-estacionalidad-del-turismo\/","title":{"rendered":"El desaf\u00edo de Montes para 2024: reducir la estacionalidad del turismo."},"content":{"rendered":"<p>Montes de marca: desestacionalizaci\u00f3n tur\u00edstica y sus retos para el 2024<\/p>\n<p>El turismo es uno de los principales motores econ\u00f3micos de muchas regiones del mundo, y Espa\u00f1a no es la excepci\u00f3n. Sin embargo, el turismo estacional, es decir, aquel que se concentra en determinadas \u00e9pocas del a\u00f1o, ha sido un desaf\u00edo para muchos destinos tur\u00edsticos. Es por ello que cada vez m\u00e1s se busca la desestacionalizaci\u00f3n tur\u00edstica, es decir, atraer visitantes durante todo el a\u00f1o y no solamente en temporadas pico.<\/p>\n<p>En este sentido, los Montes de Marca han surgido como una alternativa prometedora para lograr esta desestacionalizaci\u00f3n. Situados en la Comunidad Valenciana, estos montes ofrecen una variedad de atractivos tur\u00edsticos que van m\u00e1s all\u00e1 del turismo de sol y playa. Desde rutas de senderismo hasta pueblos con encanto y una rica gastronom\u00eda, los Montes de Marca se presentan como un destino ideal para visitar en cualquier \u00e9poca del a\u00f1o.<\/p>\n<p>No obstante, la desestacionalizaci\u00f3n tur\u00edstica no es un proceso sencillo y presenta una serie de retos que deben ser abordados para lograr el \u00e9xito en el 2024. Uno de los principales desaf\u00edos es la diversificaci\u00f3n de la oferta tur\u00edstica. Si bien los Montes de Marca cuentan con un hermoso entorno natural, es necesario desarrollar actividades y experiencias que atraigan a diferentes tipos de viajeros, incluyendo aquellos interesados en el turismo cultural, enogastron\u00f3mico o de aventura.<\/p>\n<p>Otro desaf\u00edo importante es la promoci\u00f3n y difusi\u00f3n de este destino. Aunque los Montes de Marca cuentan con un gran potencial, es fundamental dar a conocer sus atractivos a nivel nacional e internacional. Esto implica desarrollar estrategias de marketing efectivas, as\u00ed como mejorar la conectividad y la accesibilidad al destino.<\/p>\n<p>Adem\u00e1s, es crucial trabajar en la sostenibilidad del turismo en los Montes de Marca. El desarrollo tur\u00edstico debe ir de la mano con la conservaci\u00f3n del entorno natural y el patrimonio cultural, para garantizar que las generaciones futuras tambi\u00e9n puedan disfrutar de este maravilloso destino.<\/p>\n<p>En resumen, los Montes de Marca representan una oportunidad emocionante para la desestacionalizaci\u00f3n tur\u00edstica en la Comunidad Valenciana. Sin embargo, superar los retos que se presentan para el 2024 requerir\u00e1 de un esfuerzo conjunto por parte de autoridades, empresarios y la comunidad en general. Si se logra, el panorama tur\u00edstico de la regi\u00f3n cambiar\u00e1 significativamente, ofreciendo experiencias \u00fanicas durante todo el a\u00f1o.<\/p>\n<p><em> &#8221; Sources valenciaplaza.com &#8221; <\/em><\/p>\n<p><em> &#8221; Sources valenciaplaza.com &#8221; <\/em><\/p>\n","protected":false},"excerpt":{"rendered":"<p>Montes de marca: desestacionalizaci\u00f3n tur\u00edstica y sus retos para el 2024 El turismo es uno de los principales motores econ\u00f3micos de muchas regiones del mundo, y Espa\u00f1a no es la excepci\u00f3n. Sin embargo, el turismo estacional, es decir, aquel que se concentra en determinadas \u00e9pocas del a\u00f1o, ha sido un desaf\u00edo para muchos destinos tur\u00edsticos. [&hellip;]<\/p>\n","protected":false},"author":4,"featured_media":659195,"comment_status":"open","ping_status":"closed","sticky":false,"template":"","format":"standard","meta":{"om_disable_all_campaigns":false,"jnews-multi-image_gallery":[],"jnews_single_post":[],"jnews_primary_category":[],"jnews_social_meta":[],"footnotes":""},"categories":[40],"tags":[6495,74343,39765,23921,118890,6765],"class_list":["post-659194","post","type-post","status-publish","format-standard","has-post-thumbnail","hentry","category-industria","tag-6495","tag-challenges","tag-desestacionalizacion","tag-montes","tag-seasonality","tag-tourism"],"_links":{"self":[{"href":"https:\/\/dimensionturistica.com\/es\/wp-json\/wp\/v2\/posts\/659194","targetHints":{"allow":["GET"]}}],"collection":[{"href":"https:\/\/dimensionturistica.com\/es\/wp-json\/wp\/v2\/posts"}],"about":[{"href":"https:\/\/dimensionturistica.com\/es\/wp-json\/wp\/v2\/types\/post"}],"author":[{"embeddable":true,"href":"https:\/\/dimensionturistica.com\/es\/wp-json\/wp\/v2\/users\/4"}],"replies":[{"embeddable":true,"href":"https:\/\/dimensionturistica.com\/es\/wp-json\/wp\/v2\/comments?post=659194"}],"version-history":[{"count":0,"href":"https:\/\/dimensionturistica.com\/es\/wp-json\/wp\/v2\/posts\/659194\/revisions"}],"wp:featuredmedia":[{"embeddable":true,"href":"https:\/\/dimensionturistica.com\/es\/wp-json\/wp\/v2\/media\/659195"}],"wp:attachment":[{"href":"https:\/\/dimensionturistica.com\/es\/wp-json\/wp\/v2\/media?parent=659194"}],"wp:term":[{"taxonomy":"category","embeddable":true,"href":"https:\/\/dimensionturistica.com\/es\/wp-json\/wp\/v2\/categories?post=659194"},{"taxonomy":"post_tag","embeddable":true,"href":"https:\/\/dimensionturistica.com\/es\/wp-json\/wp\/v2\/tags?post=659194"}],"curies":[{"name":"wp","href":"https:\/\/api.w.org\/{rel}","templated":true}]}}