{"id":658782,"date":"2023-11-07T22:30:33","date_gmt":"2023-11-07T22:30:33","guid":{"rendered":"https:\/\/dimensionturistica.com\/es\/?p=658782"},"modified":"2023-11-07T22:30:33","modified_gmt":"2023-11-07T22:30:33","slug":"desastre-provocado-por-otis-cancela-participacion-de-agencia-de-viajes-de-acapulco-en-la-expo-turismo-veracruz-2023","status":"publish","type":"post","link":"https:\/\/dimensionturistica.com\/es\/desastre-provocado-por-otis-cancela-participacion-de-agencia-de-viajes-de-acapulco-en-la-expo-turismo-veracruz-2023\/","title":{"rendered":"Desastre provocado por Otis cancela participaci\u00f3n de agencia de viajes de Acapulco en la Expo Turismo Veracruz 2023"},"content":{"rendered":"<p>Una de las principales ferias de turismo en M\u00e9xico, la Expo Turismo Veracruz 2023, ha sufrido la cancelaci\u00f3n de la participaci\u00f3n de agentes de viajes de Acapulco debido a los estragos causados por el hurac\u00e1n Otis. Este evento anual, que re\u00fane a expertos y profesionales del turismo de todo el pa\u00eds, se ver\u00e1 afectado por la ausencia de estos importantes representantes de la industria.<\/p>\n<p>El hurac\u00e1n Otis, que azot\u00f3 recientemente la regi\u00f3n de Acapulco, ha dejado a su paso un desastre que complica la participaci\u00f3n de los agentes de viajes en la Expo Turismo Veracruz. Las autoridades locales han declarado que la prioridad en estos momentos es la recuperaci\u00f3n y reconstrucci\u00f3n de las \u00e1reas afectadas por el hurac\u00e1n, lo que ha obligado a cancelar su participaci\u00f3n en el evento tur\u00edstico.<\/p>\n<p>Esta noticia sin duda impactar\u00e1 a los asistentes y expositores de la Expo Turismo Veracruz, ya que la presencia de los agentes de viajes de Acapulco es fundamental para promover los destinos tur\u00edsticos de la regi\u00f3n. La ausencia de este importante sector de la industria tur\u00edstica plantea un desaf\u00edo para los organizadores del evento, que ahora tendr\u00e1n que buscar alternativas para mantener el atractivo y la relevancia de la feria.<\/p>\n<p>A pesar de esta cancelaci\u00f3n, la Expo Turismo Veracruz 2023 sigue siendo un evento imperdible para todos aquellos amantes del turismo que buscan descubrir los destinos m\u00e1s atractivos de M\u00e9xico. Con la participaci\u00f3n de expositores de todo el pa\u00eds, esta feria promete ofrecer una amplia gama de opciones para planificar nuevas aventuras y descubrir lugares sorprendentes.<\/p>\n<p>Esperamos que los agentes de viajes de Acapulco puedan recuperarse pronto de los estragos causados por el hurac\u00e1n Otis, y confiamos en que en futuras ediciones de la Expo Turismo Veracruz puedan retomar su participaci\u00f3n y seguir promoviendo los encantos de su regi\u00f3n. Mientras tanto, invitamos a todos los interesados en el turismo a no perderse esta importante feria, donde podr\u00e1n encontrar inspiraci\u00f3n y opciones para sus pr\u00f3ximas vacaciones.<\/p>\n<p><em> &#8221; Sources www.avcnoticias.com.mx &#8221; <\/em><\/p>\n<p><em> &#8221; Fuentes www.avcnoticias.com.mx &#8221; <\/em><\/p>\n","protected":false},"excerpt":{"rendered":"<p>Una de las principales ferias de turismo en M\u00e9xico, la Expo Turismo Veracruz 2023, ha sufrido la cancelaci\u00f3n de la participaci\u00f3n de agentes de viajes de Acapulco debido a los estragos causados por el hurac\u00e1n Otis. Este evento anual, que re\u00fane a expertos y profesionales del turismo de todo el pa\u00eds, se ver\u00e1 afectado por [&hellip;]<\/p>\n","protected":false},"author":4,"featured_media":658783,"comment_status":"open","ping_status":"closed","sticky":false,"template":"","format":"standard","meta":{"om_disable_all_campaigns":false,"jnews-multi-image_gallery":[],"jnews_single_post":[],"jnews_primary_category":[],"jnews_social_meta":[],"footnotes":""},"categories":[39],"tags":[3149,1895,13016,118737,47416,118738,21466],"class_list":["post-658782","post","type-post","status-publish","format-standard","has-post-thumbnail","hentry","category-viajes","tag-acapulco","tag-agentes-de-viajes","tag-cancelan","tag-cancelan-agentes-de-viajes-de-acapulco-participacion-en-la-expo-turismo-veracruz-2023-por-desastre-provocado-por-otis","tag-desastre","tag-expo-turismo-veracruz-2023","tag-otis"],"_links":{"self":[{"href":"https:\/\/dimensionturistica.com\/es\/wp-json\/wp\/v2\/posts\/658782","targetHints":{"allow":["GET"]}}],"collection":[{"href":"https:\/\/dimensionturistica.com\/es\/wp-json\/wp\/v2\/posts"}],"about":[{"href":"https:\/\/dimensionturistica.com\/es\/wp-json\/wp\/v2\/types\/post"}],"author":[{"embeddable":true,"href":"https:\/\/dimensionturistica.com\/es\/wp-json\/wp\/v2\/users\/4"}],"replies":[{"embeddable":true,"href":"https:\/\/dimensionturistica.com\/es\/wp-json\/wp\/v2\/comments?post=658782"}],"version-history":[{"count":0,"href":"https:\/\/dimensionturistica.com\/es\/wp-json\/wp\/v2\/posts\/658782\/revisions"}],"wp:featuredmedia":[{"embeddable":true,"href":"https:\/\/dimensionturistica.com\/es\/wp-json\/wp\/v2\/media\/658783"}],"wp:attachment":[{"href":"https:\/\/dimensionturistica.com\/es\/wp-json\/wp\/v2\/media?parent=658782"}],"wp:term":[{"taxonomy":"category","embeddable":true,"href":"https:\/\/dimensionturistica.com\/es\/wp-json\/wp\/v2\/categories?post=658782"},{"taxonomy":"post_tag","embeddable":true,"href":"https:\/\/dimensionturistica.com\/es\/wp-json\/wp\/v2\/tags?post=658782"}],"curies":[{"name":"wp","href":"https:\/\/api.w.org\/{rel}","templated":true}]}}