{"id":656263,"date":"2023-11-05T02:30:33","date_gmt":"2023-11-05T02:30:33","guid":{"rendered":"https:\/\/dimensionturistica.com\/es\/?p=656263"},"modified":"2023-11-05T02:30:33","modified_gmt":"2023-11-05T02:30:33","slug":"cuestionamientos-al-evento-internacional-en-cancun-ponen-en-riesgo-la-imagen-del-lugar","status":"publish","type":"post","link":"https:\/\/dimensionturistica.com\/es\/cuestionamientos-al-evento-internacional-en-cancun-ponen-en-riesgo-la-imagen-del-lugar\/","title":{"rendered":"Cuestionamientos al evento internacional en Canc\u00fan ponen en riesgo la imagen del lugar"},"content":{"rendered":"<p>El para\u00edso de Canc\u00fan, conocido por sus aguas cristalinas y playas de arena blanca, ha sido el centro de atenci\u00f3n en los \u00faltimos d\u00edas debido a un evento mundial que ha generado cr\u00edticas y amenazas a la reputaci\u00f3n de este destino tur\u00edstico de renombre.<\/p>\n<p>Canc\u00fan, un lugar que ha cautivado a millones de turistas a lo largo de los a\u00f1os, se ha enfrentado a un rev\u00e9s inesperado en esta ocasi\u00f3n. La celebraci\u00f3n de un evento internacional ha sido objeto de duras cr\u00edticas por parte de los residentes locales y de la comunidad tur\u00edstica, quienes temen que la reputaci\u00f3n de Canc\u00fan como un destino exclusivo y de alta calidad se vea afectada.<\/p>\n<p>El evento en cuesti\u00f3n ha sido criticado por sus impactos en el medio ambiente y en las comunidades locales. Se ha se\u00f1alado que la infraestructura necesaria para albergar un evento de tal magnitud ha causado da\u00f1os significativos al ecosistema local, afectando tanto la fauna como la flora de la regi\u00f3n. Adem\u00e1s, las comunidades locales han expresado su preocupaci\u00f3n por el impacto socioecon\u00f3mico que el evento ha tenido en ellas, argumentando que sus necesidades y preocupaciones han sido ignoradas en aras de la celebraci\u00f3n del evento.<\/p>\n<p>Estas cr\u00edticas no solo han generado preocupaci\u00f3n entre los residentes y la comunidad tur\u00edstica de Canc\u00fan, sino que tambi\u00e9n han atra\u00eddo la atenci\u00f3n de los medios internacionales. Los titulares negativos han comenzado a aparecer en diferentes medios de comunicaci\u00f3n, lo que ha llevado a una disminuci\u00f3n en la demanda de viajes a este destino.<\/p>\n<p>\u00bfQu\u00e9 significa esto para Canc\u00fan? \u00bfEst\u00e1 en peligro su posici\u00f3n como uno de los destinos tur\u00edsticos m\u00e1s populares del mundo? Aunque es cierto que el evento ha causado controversia y ha afectado temporalmente la imagen del destino, Canc\u00fan tiene una historia de resiliencia y capacidad para adaptarse a los desaf\u00edos.<\/p>\n<p>El gobierno local y la industria tur\u00edstica se han comprometido a abordar las preocupaciones planteadas y trabajar en conjunto para encontrar soluciones sostenibles. Se est\u00e1n implementando estrategias para mitigar los impactos ambientales y sociales del evento, as\u00ed como para fortalecer la relaci\u00f3n entre la comunidad local y la industria tur\u00edstica.<\/p>\n<p>Adem\u00e1s, Canc\u00fan cuenta con una gran diversidad de atractivos tur\u00edsticos que atraen a visitantes de todo el mundo. Desde sus famosas ruinas mayas hasta el impresionante arrecife de coral, Canc\u00fan ofrece una experiencia \u00fanica que dif\u00edcilmente se encuentra en otros destinos tur\u00edsticos. La combinaci\u00f3n de excelentes instalaciones hoteleras, gastronom\u00eda de clase mundial y actividades emocionantes aseguran que los visitantes contin\u00faen eligiendo a Canc\u00fan como su destino preferido.<\/p>\n<p>Es importante recordar que ning\u00fan evento o controversia puede apagar el brillo de Canc\u00fan. Este para\u00edso tropical siempre ha superado las adversidades y ha demostrado ser un destino que sabe adaptarse y evolucionar. La comunidad local y la industria tur\u00edstica est\u00e1n comprometidas en mantener los altos est\u00e1ndares de calidad y sostenibilidad que han caracterizado a Canc\u00fan a lo largo de los a\u00f1os.<\/p>\n<p>En conclusi\u00f3n, si bien es cierto que un evento mundial ha generado cr\u00edticas y amenazas a la reputaci\u00f3n de Canc\u00fan, este destino tur\u00edstico sigue siendo un lugar incre\u00edblemente hermoso y atractivo para los viajeros. La capacidad de adaptarse y encontrar soluciones sostenibles, junto con su gran diversidad de atractivos tur\u00edsticos, aseguran que Canc\u00fan siga siendo uno de los destinos m\u00e1s deseados del mundo.<\/p>\n<p><em> &#8221; Sources www.reportur.com &#8221; <\/em><\/p>\n<p><em> &#8221; Fuentes www.reportur.com &#8221; <\/em><\/p>\n","protected":false},"excerpt":{"rendered":"<p>El para\u00edso de Canc\u00fan, conocido por sus aguas cristalinas y playas de arena blanca, ha sido el centro de atenci\u00f3n en los \u00faltimos d\u00edas debido a un evento mundial que ha generado cr\u00edticas y amenazas a la reputaci\u00f3n de este destino tur\u00edstico de renombre. Canc\u00fan, un lugar que ha cautivado a millones de turistas a [&hellip;]<\/p>\n","protected":false},"author":4,"featured_media":656264,"comment_status":"open","ping_status":"closed","sticky":false,"template":"","format":"standard","meta":{"om_disable_all_campaigns":false,"jnews-multi-image_gallery":[],"jnews_single_post":[],"jnews_primary_category":[],"jnews_social_meta":[],"footnotes":""},"categories":[39],"tags":[117144,2010,117143],"class_list":["post-656263","post","type-post","status-publish","format-standard","has-post-thumbnail","hentry","category-viajes","tag-amenazan-reputacion-del-destino","tag-cancun","tag-criticas-a-evento-mundial"],"_links":{"self":[{"href":"https:\/\/dimensionturistica.com\/es\/wp-json\/wp\/v2\/posts\/656263","targetHints":{"allow":["GET"]}}],"collection":[{"href":"https:\/\/dimensionturistica.com\/es\/wp-json\/wp\/v2\/posts"}],"about":[{"href":"https:\/\/dimensionturistica.com\/es\/wp-json\/wp\/v2\/types\/post"}],"author":[{"embeddable":true,"href":"https:\/\/dimensionturistica.com\/es\/wp-json\/wp\/v2\/users\/4"}],"replies":[{"embeddable":true,"href":"https:\/\/dimensionturistica.com\/es\/wp-json\/wp\/v2\/comments?post=656263"}],"version-history":[{"count":0,"href":"https:\/\/dimensionturistica.com\/es\/wp-json\/wp\/v2\/posts\/656263\/revisions"}],"wp:featuredmedia":[{"embeddable":true,"href":"https:\/\/dimensionturistica.com\/es\/wp-json\/wp\/v2\/media\/656264"}],"wp:attachment":[{"href":"https:\/\/dimensionturistica.com\/es\/wp-json\/wp\/v2\/media?parent=656263"}],"wp:term":[{"taxonomy":"category","embeddable":true,"href":"https:\/\/dimensionturistica.com\/es\/wp-json\/wp\/v2\/categories?post=656263"},{"taxonomy":"post_tag","embeddable":true,"href":"https:\/\/dimensionturistica.com\/es\/wp-json\/wp\/v2\/tags?post=656263"}],"curies":[{"name":"wp","href":"https:\/\/api.w.org\/{rel}","templated":true}]}}