{"id":655889,"date":"2023-11-04T19:41:13","date_gmt":"2023-11-04T19:41:13","guid":{"rendered":"https:\/\/dimensionturistica.com\/es\/?p=655889"},"modified":"2023-11-04T19:41:13","modified_gmt":"2023-11-04T19:41:13","slug":"descubre-la-increible-belleza-de-guatemala-en-la-prestigiosa-feria-turistica-de-canada","status":"publish","type":"post","link":"https:\/\/dimensionturistica.com\/es\/descubre-la-increible-belleza-de-guatemala-en-la-prestigiosa-feria-turistica-de-canada\/","title":{"rendered":"Descubre la incre\u00edble belleza de Guatemala en la prestigiosa feria tur\u00edstica de Canad\u00e1"},"content":{"rendered":"<p>Las maravillas de Guatemala toman protagonismo en la Feria de Turismo de Canad\u00e1<\/p>\n<p>En un intento por resaltar la belleza y riqueza cultural de Guatemala, el pa\u00eds ha participado en la prestigiosa Feria de Turismo de Canad\u00e1, exponiendo sus encantos a los visitantes internacionales. Durante el evento, los asistentes han podido conocer de primera mano los atractivos tur\u00edsticos guatemaltecos, despertando su curiosidad y dejando una huella imborrable en sus corazones aventureros.<\/p>\n<p>Ubicado en el coraz\u00f3n de Centroam\u00e9rica, Guatemala se ha convertido en uno de los destinos tur\u00edsticos m\u00e1s emocionantes y diversos de la regi\u00f3n. Desde su biodiversidad \u00fanica hasta su rica historia maya, el pa\u00eds ofrece una amplia gama de experiencias para todos los gustos.<\/p>\n<p>En la Feria de Turismo de Canad\u00e1, los visitantes canadienses han tenido la oportunidad de sumergirse en la majestuosidad de los paisajes guatemaltecos. Desde las impresionantes ruinas de Tikal, consideradas Patrimonio de la Humanidad por la UNESCO, hasta la magnificencia del Lago de Atitl\u00e1n, rodeado de volcanes y pueblos ind\u00edgenas coloridos, la diversidad natural de Guatemala no deja de sorprender.<\/p>\n<p>Adem\u00e1s de su belleza natural, Guatemala se enorgullece de su patrimonio cultural. La antigua civilizaci\u00f3n maya ha dejado un legado impresionante en forma de imponentes templos y complejos arqueol\u00f3gicos. En el evento, los asistentes pudieron conocer m\u00e1s sobre las joyas arqueol\u00f3gicas de Guatemala, como El Mirador y Quirigu\u00e1, y sumergirse en la historia de esta enigm\u00e1tica civilizaci\u00f3n.<\/p>\n<p>Pero Guatemala no solo se trata de paisajes y arqueolog\u00eda, tambi\u00e9n es un destino para los amantes de aventuras al aire libre. Con una variedad de actividades emocionantes como surf, senderismo, paseos en kayak y rafting en los r\u00edos caudalosos, los turistas tienen la oportunidad de experimentar la adrenalina al m\u00e1ximo en este para\u00edso tropical.<\/p>\n<p>La feria tambi\u00e9n fue una plataforma para mostrar la riqueza gastron\u00f3mica guatemalteca. Los asistentes tuvieron la oportunidad de degustar una muestra de la deliciosa comida tradicional guatemalteca, que combina influencias ind\u00edgenas y espa\u00f1olas en platos como el pepi\u00e1n, el recado y tamales. Sin duda, la gastronom\u00eda de Guatemala se ha ganado su lugar como uno de los encantos m\u00e1s sabrosos del pa\u00eds.<\/p>\n<p>La participaci\u00f3n de Guatemala en la Feria de Turismo de Canad\u00e1 ha sido un \u00e9xito rotundo. Los asistentes han descubierto un pa\u00eds lleno de maravillas naturales, historia y aventuras, despertando su deseo de explorar y conocer m\u00e1s sobre este destino \u00fanico. Sin duda, Guatemala ha dejado una huella imborrable en los corazones de aquellos que han tenido la oportunidad de descubrir sus tesoros ocultos.<\/p>\n<p>Si est\u00e1 buscando un destino emocionante, diverso y lleno de sorpresas, Guatemala es sin duda la elecci\u00f3n perfecta. D\u00e9jate enamorar por la belleza de sus paisajes, sum\u00e9rgete en su historia fascinante y saborea su deliciosa gastronom\u00eda. No te pierdas la oportunidad de vivir una aventura inolvidable en el coraz\u00f3n de Centroam\u00e9rica. \u00a1Guatemala te espera con los brazos abiertos!<\/p>\n<p><em> &#8221; Sources agn.gt &#8221; <\/em><\/p>\n<p><em> &#8221; Sources agn.gt &#8221; <\/em><\/p>\n","protected":false},"excerpt":{"rendered":"<p>Las maravillas de Guatemala toman protagonismo en la Feria de Turismo de Canad\u00e1 En un intento por resaltar la belleza y riqueza cultural de Guatemala, el pa\u00eds ha participado en la prestigiosa Feria de Turismo de Canad\u00e1, exponiendo sus encantos a los visitantes internacionales. Durante el evento, los asistentes han podido conocer de primera mano [&hellip;]<\/p>\n","protected":false},"author":4,"featured_media":655890,"comment_status":"open","ping_status":"closed","sticky":false,"template":"","format":"standard","meta":{"om_disable_all_campaigns":false,"jnews-multi-image_gallery":[],"jnews_single_post":[],"jnews_primary_category":[],"jnews_social_meta":[],"footnotes":""},"categories":[40],"tags":[72,21812,116893,116894,6765],"class_list":["post-655889","post","type-post","status-publish","format-standard","has-post-thumbnail","hentry","category-industria","tag-canada","tag-ferias-de-turismo","tag-international-tourism-and-travel-shop-2023","tag-tags-guatemala","tag-tourism"],"_links":{"self":[{"href":"https:\/\/dimensionturistica.com\/es\/wp-json\/wp\/v2\/posts\/655889","targetHints":{"allow":["GET"]}}],"collection":[{"href":"https:\/\/dimensionturistica.com\/es\/wp-json\/wp\/v2\/posts"}],"about":[{"href":"https:\/\/dimensionturistica.com\/es\/wp-json\/wp\/v2\/types\/post"}],"author":[{"embeddable":true,"href":"https:\/\/dimensionturistica.com\/es\/wp-json\/wp\/v2\/users\/4"}],"replies":[{"embeddable":true,"href":"https:\/\/dimensionturistica.com\/es\/wp-json\/wp\/v2\/comments?post=655889"}],"version-history":[{"count":0,"href":"https:\/\/dimensionturistica.com\/es\/wp-json\/wp\/v2\/posts\/655889\/revisions"}],"wp:featuredmedia":[{"embeddable":true,"href":"https:\/\/dimensionturistica.com\/es\/wp-json\/wp\/v2\/media\/655890"}],"wp:attachment":[{"href":"https:\/\/dimensionturistica.com\/es\/wp-json\/wp\/v2\/media?parent=655889"}],"wp:term":[{"taxonomy":"category","embeddable":true,"href":"https:\/\/dimensionturistica.com\/es\/wp-json\/wp\/v2\/categories?post=655889"},{"taxonomy":"post_tag","embeddable":true,"href":"https:\/\/dimensionturistica.com\/es\/wp-json\/wp\/v2\/tags?post=655889"}],"curies":[{"name":"wp","href":"https:\/\/api.w.org\/{rel}","templated":true}]}}