{"id":654714,"date":"2023-11-03T03:23:27","date_gmt":"2023-11-03T03:23:27","guid":{"rendered":"https:\/\/dimensionturistica.com\/es\/?p=654714"},"modified":"2023-11-03T03:23:27","modified_gmt":"2023-11-03T03:23:27","slug":"despues-de-la-autorizacion-del-senado-nuevos-magistrados-del-trife-asumen-su-puesto-este-mes","status":"publish","type":"post","link":"https:\/\/dimensionturistica.com\/es\/despues-de-la-autorizacion-del-senado-nuevos-magistrados-del-trife-asumen-su-puesto-este-mes\/","title":{"rendered":"Despu\u00e9s de la autorizaci\u00f3n del Senado, nuevos magistrados del Trife asumen su puesto este mes"},"content":{"rendered":"<p>El fascinante mundo de la pol\u00edtica siempre nos sorprende con sus giros y movimientos inesperados. En esta ocasi\u00f3n, nos adentramos tras la puerta del poder para descubrir los cambios que se avecinan en el Tribunal Electoral del Poder Judicial de la Federaci\u00f3n (TEPJF), tambi\u00e9n conocido como TRIFE, gracias a la eliminaci\u00f3n del veto presidencial del actual mandatario, Andr\u00e9s Manuel L\u00f3pez Obrador.<\/p>\n<p>Este mes, el Senado de la Rep\u00fablica ser\u00e1 testigo de la salida de nuevos magistrados, quienes ser\u00e1n los encargados de velar por la legalidad y transparencia en los procesos electorales de nuestro pa\u00eds. Un nombramiento crucial que promete cambiar el rumbo de la justicia electoral en M\u00e9xico.<\/p>\n<p>El TEPJF es una instituci\u00f3n fundamental en nuestra democracia, ya que se encarga de resolver las controversias y garantizar la equidad en las elecciones. Es por esto que resulta sumamente relevante tener a magistrados independientes y con una profunda vocaci\u00f3n de servicio.<\/p>\n<p>Sin embargo, el veto presidencial ejercido por L\u00f3pez Obrador generaba incertidumbre y preocupaci\u00f3n, ya que pon\u00eda en duda la autonom\u00eda del tribunal. Pero ahora, con su eliminaci\u00f3n, se abre una ventana de oportunidad para fortalecer y consolidar nuestra democracia.<\/p>\n<p>El proceso de selecci\u00f3n de los nuevos magistrados se ha llevado a cabo de manera minuciosa y transparente. Se ha buscado contar con perfiles altamente capacitados y comprometidos con la justicia. Durante semanas, diversos candidatos han sido evaluados y entrevistados por un comit\u00e9 especializado, conformado por expertos en el \u00e1mbito electoral.<\/p>\n<p>Estos nuevos magistrados representan la frescura y renovaci\u00f3n que nuestro sistema pol\u00edtico necesita. Su llegada al TRIFE nos brinda la esperanza de una justicia electoral imparcial y eficiente, que realmente se base en el respeto al voto ciudadano y no en intereses particulares.<\/p>\n<p>El Senado juega un papel fundamental en este proceso, ya que es el encargado de ratificar los nombramientos propuestos por el comit\u00e9 especializado. Su aprobaci\u00f3n ser\u00e1 crucial para darle legitimidad a los nuevos magistrados y asegurar que su labor se realice de manera imparcial y transparente.<\/p>\n<p>Es un momento de cambio y transformaci\u00f3n en la pol\u00edtica mexicana, y el TRIFE no es la excepci\u00f3n. Los ojos de la ciudadan\u00eda estar\u00e1n puestos en este proceso, ya que de \u00e9l depender\u00e1 en gran medida la integridad de nuestras elecciones futuras.<\/p>\n<p>El impacto de los nuevos magistrados del TRIFE trascender\u00e1 las fronteras de lo pol\u00edtico. Su labor influir\u00e1 en la construcci\u00f3n de una sociedad m\u00e1s justa y equitativa, donde el voto ciudadano sea respetado y las decisiones se basen en la ley.<\/p>\n<p>Esperemos que esta nueva etapa en la historia del Tribunal Electoral del Poder Judicial de la Federaci\u00f3n sea un impulso hacia la consolidaci\u00f3n de una democracia plena. Que los nuevos magistrados cumplan con su labor con responsabilidad y \u00e9tica, poniendo siempre el bienestar de la sociedad por encima de cualquier inter\u00e9s personal o partidista.<\/p>\n<p>Con estos cambios en puerta, el TRIFE se posiciona como una pieza clave en el engranaje democr\u00e1tico de nuestro pa\u00eds. Mantengamos nuestros ojos bien abiertos y apoyemos la consolidaci\u00f3n de una justicia electoral imparcial y transparente, que nos brinde certeza y confianza en nuestros procesos democr\u00e1ticos.<\/p>\n<p><em> &#8221; Sources www.semmexico.mx &#8221; <\/em><\/p>\n<p><em> &#8221; Fuentes www.semmexico.mx &#8221; <\/em><\/p>\n","protected":false},"excerpt":{"rendered":"<p>El fascinante mundo de la pol\u00edtica siempre nos sorprende con sus giros y movimientos inesperados. En esta ocasi\u00f3n, nos adentramos tras la puerta del poder para descubrir los cambios que se avecinan en el Tribunal Electoral del Poder Judicial de la Federaci\u00f3n (TEPJF), tambi\u00e9n conocido como TRIFE, gracias a la eliminaci\u00f3n del veto presidencial del [&hellip;]<\/p>\n","protected":false},"author":4,"featured_media":654715,"comment_status":"open","ping_status":"closed","sticky":false,"template":"","format":"standard","meta":{"om_disable_all_campaigns":false,"jnews-multi-image_gallery":[],"jnews_single_post":[],"jnews_primary_category":[],"jnews_social_meta":[],"footnotes":""},"categories":[39],"tags":[116277,913,116276,116275],"class_list":["post-654714","post","type-post","status-publish","format-standard","has-post-thumbnail","hentry","category-viajes","tag-nuevos-magistrados-del-trife","tag-senado","tag-sin-el-veto-de-amlo","tag-tras-la-puerta-del-poder"],"_links":{"self":[{"href":"https:\/\/dimensionturistica.com\/es\/wp-json\/wp\/v2\/posts\/654714","targetHints":{"allow":["GET"]}}],"collection":[{"href":"https:\/\/dimensionturistica.com\/es\/wp-json\/wp\/v2\/posts"}],"about":[{"href":"https:\/\/dimensionturistica.com\/es\/wp-json\/wp\/v2\/types\/post"}],"author":[{"embeddable":true,"href":"https:\/\/dimensionturistica.com\/es\/wp-json\/wp\/v2\/users\/4"}],"replies":[{"embeddable":true,"href":"https:\/\/dimensionturistica.com\/es\/wp-json\/wp\/v2\/comments?post=654714"}],"version-history":[{"count":0,"href":"https:\/\/dimensionturistica.com\/es\/wp-json\/wp\/v2\/posts\/654714\/revisions"}],"wp:featuredmedia":[{"embeddable":true,"href":"https:\/\/dimensionturistica.com\/es\/wp-json\/wp\/v2\/media\/654715"}],"wp:attachment":[{"href":"https:\/\/dimensionturistica.com\/es\/wp-json\/wp\/v2\/media?parent=654714"}],"wp:term":[{"taxonomy":"category","embeddable":true,"href":"https:\/\/dimensionturistica.com\/es\/wp-json\/wp\/v2\/categories?post=654714"},{"taxonomy":"post_tag","embeddable":true,"href":"https:\/\/dimensionturistica.com\/es\/wp-json\/wp\/v2\/tags?post=654714"}],"curies":[{"name":"wp","href":"https:\/\/api.w.org\/{rel}","templated":true}]}}